{"id":47,"date":"2024-09-10T14:07:01","date_gmt":"2024-09-10T14:07:01","guid":{"rendered":"https:\/\/www.tienda.ro\/blog\/?p=47"},"modified":"2024-11-01T09:33:18","modified_gmt":"2024-11-01T09:33:18","slug":"cum-folosim-deshidratorul","status":"publish","type":"post","link":"https:\/\/www.tienda.ro\/blog\/cum-folosim-deshidratorul\/","title":{"rendered":"Cum folosim dehidratorul?"},"content":{"rendered":"\n<p><\/p>\n\n\n\n<p> Ast\u0103zi vom discuta despre <a href=\"https:\/\/www.tienda.ro\/primer-unghii\/8189-dehydrator-15ml.html\">dehidrator <\/a>si rolul acestuia in manichiura cu gel uv sau manichiura cu oja semipermanenta.<\/p>\n\n\n\n<p>\u00cen primul r\u00e2nd, trebuie s\u0103 \u0219tii c\u0103 dehidratorul cre\u0219te aderen\u021ba gelului prin deshidratarea unghiei naturale, acesta fiind principalul s\u0103u rol.<\/p>\n\n\n\n<p>Cum folosim dehidratorul? Simplu! \u00cel aplic\u0103m pe unghia natural\u0103. Este primul produs de preg\u0103tire pe care \u00eel aplic\u0103m pe unghie \u00eenainte de a \u00eencepe manichiura cu gel sau manichiura cu oj\u0103 semipermanent\u0103.<\/p>\n\n\n\n<p>Probabil c\u0103 te g\u00e2nde\u0219ti chiar acum c\u0103 ai realizat at\u00e2tea unghii superbe \u0219i rezistente \u00een lipsa acestui produs, dar te-ai g\u00e2ndit vreodat\u0103 c\u00e2t timp po\u021bi economisi dac\u0103, dup\u0103 pilire, clienta se poate sp\u0103la pe m\u00e2ini pentru a elimina praful?<\/p>\n\n\n\n<p>Pentru c\u0103 da, se poate! Toate ne anun\u021b\u0103m clientele c\u0103 odat\u0103 a\u0219ezate pe scaunul de manichiur\u0103, nu mai pot merge la baie deoarece, cat timp realizam <a href=\"https:\/\/www.tienda.ro\/234-geluri-uv-constructie\">manichiura cu gel uv<\/a>, apa poate afecta aderen\u021ba <a href=\"https:\/\/www.tienda.ro\/234-geluri-uv-constructie\">straturilor de gel <\/a>aplicate. Ei bine, daca aplic\u0103m dehidratorul dupa ce clienta s-a sp\u0103lat pe m\u00e2ini, putem continua realizarea manichiurii f\u0103r\u0103 teama c\u0103 aceasta nu va rezista.<\/p>\n\n\n\n<p>De asemenea, dac\u0103 realiz\u0103m o <a href=\"https:\/\/www.tienda.ro\/36-oje-semipermanente\">manichiur\u0103 cu oj\u0103 semipermanenent\u0103<\/a> \u0219i dorim s\u0103 \u021binem clienta cu unghiile in ap\u0103 pentru a putea \u00eendep\u0103rta cuticula mai u\u0219or, putem aplica dehidrator dup\u0103 ce am terminat aceast\u0103 etap\u0103, iar oja semipermanent\u0103 va avea aderen\u021ba dorit\u0103!<\/p>\n\n\n\n<p>Sun\u0103 fantastic, nu? Am testat pe manichiura mea acest produs \u0219i, \u00eentr-adev\u0103r, creeaz\u0103 o aderen\u021b\u0103 foarte bun\u0103, chiar \u0219i dup\u0103 ce unghiile au intrat \u00een contact cu apa!<\/p>\n\n\n\n<p>Trebuie s\u0103 \u0219tii c\u0103 acest produs se evapor\u0103 \u00een contact cu aerul, iar dac\u0103 ui\u021bi recipientul deschis, dehidratorul \u00ee\u0219i va pierde din propriet\u0103\u021bi! <\/p>\n\n\n\n<p><\/p>\n","protected":false},"excerpt":{"rendered":"<p>Ast\u0103zi vom discuta despre dehidrator si rolul acestuia in manichiura cu gel uv sau manichiura cu oja semipermanenta. \u00cen primul r\u00e2nd, trebuie s\u0103 \u0219tii c\u0103 dehidratorul cre\u0219te aderen\u021ba gelului prin deshidratarea unghiei naturale, acesta fiind principalul s\u0103u rol. Cum folosim dehidratorul? Simplu! \u00cel aplic\u0103m pe unghia natural\u0103. Este primul produs de preg\u0103tire pe care \u00eel [&hellip;]<\/p>\n","protected":false},"author":1,"featured_media":881,"comment_status":"open","ping_status":"open","sticky":false,"template":"","format":"standard","meta":{"footnotes":""},"categories":[7],"tags":[],"class_list":["post-47","post","type-post","status-publish","format-standard","has-post-thumbnail","hentry","category-informatii-generale-despre-unghiute"],"_links":{"self":[{"href":"https:\/\/www.tienda.ro\/blog\/wp-json\/wp\/v2\/posts\/47","targetHints":{"allow":["GET"]}}],"collection":[{"href":"https:\/\/www.tienda.ro\/blog\/wp-json\/wp\/v2\/posts"}],"about":[{"href":"https:\/\/www.tienda.ro\/blog\/wp-json\/wp\/v2\/types\/post"}],"author":[{"embeddable":true,"href":"https:\/\/www.tienda.ro\/blog\/wp-json\/wp\/v2\/users\/1"}],"replies":[{"embeddable":true,"href":"https:\/\/www.tienda.ro\/blog\/wp-json\/wp\/v2\/comments?post=47"}],"version-history":[{"count":4,"href":"https:\/\/www.tienda.ro\/blog\/wp-json\/wp\/v2\/posts\/47\/revisions"}],"predecessor-version":[{"id":882,"href":"https:\/\/www.tienda.ro\/blog\/wp-json\/wp\/v2\/posts\/47\/revisions\/882"}],"wp:featuredmedia":[{"embeddable":true,"href":"https:\/\/www.tienda.ro\/blog\/wp-json\/wp\/v2\/media\/881"}],"wp:attachment":[{"href":"https:\/\/www.tienda.ro\/blog\/wp-json\/wp\/v2\/media?parent=47"}],"wp:term":[{"taxonomy":"category","embeddable":true,"href":"https:\/\/www.tienda.ro\/blog\/wp-json\/wp\/v2\/categories?post=47"},{"taxonomy":"post_tag","embeddable":true,"href":"https:\/\/www.tienda.ro\/blog\/wp-json\/wp\/v2\/tags?post=47"}],"curies":[{"name":"wp","href":"https:\/\/api.w.org\/{rel}","templated":true}]}}