{"id":452,"date":"2024-09-13T10:17:43","date_gmt":"2024-09-13T10:17:43","guid":{"rendered":"https:\/\/www.tienda.ro\/blog\/?p=452"},"modified":"2024-11-19T12:07:37","modified_gmt":"2024-11-19T12:07:37","slug":"aplicarea-ojei-semipermanente-pe-constructia-din-gel","status":"publish","type":"post","link":"https:\/\/www.tienda.ro\/blog\/aplicarea-ojei-semipermanente-pe-constructia-din-gel\/","title":{"rendered":"Aplicarea ojei semipermanente pe construc\u021bia din gel"},"content":{"rendered":"<div class=\"wp-block-image\">\n<figure class=\"alignleft\"><a href=\"https:\/\/blog.tienda.ro\/wp-content\/uploads\/2017\/02\/template-PcP-p01.jpg\"><img decoding=\"async\" src=\"https:\/\/blog.tienda.ro\/wp-content\/uploads\/2017\/02\/template-PcP-p01-300x200.jpg\" alt=\"\" class=\"wp-image-3545\"\/><\/a><\/figure>\n<\/div>\n\n\n<p><\/p>\n\n\n\n<p><\/p>\n\n\n\n<p><\/p>\n\n\n\n<p><\/p>\n\n\n\n<div style=\"height:10px\" aria-hidden=\"true\" class=\"wp-block-spacer\"><\/div>\n\n\n\n<p>Pasul. 1<\/p>\n\n\n\n<p>-aplic\u0103m&nbsp;<a href=\"https:\/\/www.tienda.ro\/215-tratamente-unghii.html\">solu\u0163ie pentru \u00eendep\u0103rtat cuticula<\/a><br>-\u00eempingem cuticula cu un&nbsp;<a href=\"https:\/\/www.tienda.ro\/ustensile-manichiura\/153-instrument-cuticule.html\">instrument de inox<\/a><br>-\u00eendep\u0103rt\u0103rt\u0103m luciul natural al unghiei, cu o pil\u0103 de granula\u021bie 180, pilim v\u00e2rful unghiei pe rotund, scurt\u0103m unghia la 1-2mm, \u00eendep\u0103rt\u0103m praful de pe unghie cu un p\u0103m\u0103tuf, degres\u0103m unghia cu<\/p>\n\n\n\n<div style=\"height:10px\" aria-hidden=\"true\" class=\"wp-block-spacer\"><\/div>\n\n\n<div class=\"wp-block-image\">\n<figure class=\"alignleft\"><a href=\"https:\/\/blog.tienda.ro\/wp-content\/uploads\/2017\/02\/template-PcP-p02.jpg\"><img decoding=\"async\" src=\"https:\/\/blog.tienda.ro\/wp-content\/uploads\/2017\/02\/template-PcP-p02-300x200.jpg\" alt=\"\" class=\"wp-image-3546\"\/><\/a><\/figure>\n<\/div>\n\n\n<div style=\"height:10px\" aria-hidden=\"true\" class=\"wp-block-spacer\"><\/div>\n\n\n\n<div class=\"wp-block-tienda-product-product\" class=\"wp-block-tienda-product-product\"><img decoding=\"async\" src=\"https:\/\/www.tienda.ro\/18146-medium_default\/rubber-base-flexy07-15ml.jpg\"\/><div class=\"produs-tienda\"><h3>RUBBER BASE FLEXY 07 15ML<\/h3><a href=\"https:\/\/www.tienda.develop.eiddew.com\/baze-rubber\/9456-rubber-base-flexy07-15ml.html\">Vezi produsul<\/a><\/div><\/div>\n\n\n\n<p>Pasul. 2<\/p>\n\n\n\n<p>-aplic\u0103m&nbsp;<a href=\"https:\/\/www.tienda.ro\/lichide-tehnice\/6551-primer-gelaxyo-karat-non-acid-10ml.html\">primer&nbsp;<\/a>e&nbsp;unghia natural\u0103<br>Important: vom aplica primer f\u0103r\u0103 acid de preferin\u021b\u0103 acesta nefiind coroziv !<br>-aplic\u0103m&nbsp;<a href=\"https:\/\/www.tienda.ro\/gama-gelaxyo\/7438-gel-uv-baza-gelaxyo-karat-bonder-sticluta-15ml.html\">gel de baz\u0103&nbsp;<\/a>\u00een strat sub\u0163ire \u015fi uniform pe unghia natural\u0103, polimeriz\u0103m \u00een lampa UV 1 minut<\/p>\n\n\n\n<div style=\"height:10px\" aria-hidden=\"true\" class=\"wp-block-spacer\"><\/div>\n\n\n<div class=\"wp-block-image\">\n<figure class=\"alignleft\"><a href=\"https:\/\/blog.tienda.ro\/wp-content\/uploads\/2017\/02\/template-PcP-p03.jpg\"><img decoding=\"async\" src=\"https:\/\/blog.tienda.ro\/wp-content\/uploads\/2017\/02\/template-PcP-p03-300x200.jpg\" alt=\"\" class=\"wp-image-3547\"\/><\/a><\/figure>\n<\/div>\n\n\n<p><\/p>\n\n\n\n<p><\/p>\n\n\n\n<p><\/p>\n\n\n\n<div style=\"height:10px\" aria-hidden=\"true\" class=\"wp-block-spacer\"><\/div>\n\n\n\n<p>Pasul. 3<\/p>\n\n\n\n<p>-mont\u0103m&nbsp;<a href=\"https:\/\/www.tienda.ro\/41-sabloane-constructie\">\u015fablonul<\/a>&nbsp;sub unghia natural\u0103 \u00een prelungirea acesteia<br>Important: \u0219ablonul se va t\u0103ia \u00een dreptul col\u021burilor unghiei pentru a se putea mula perfect sub unghia natural\u0103 \u0219i pe buricul degetului !<\/p>\n\n\n\n<div style=\"height:10px\" aria-hidden=\"true\" class=\"wp-block-spacer\"><\/div>\n\n\n<div class=\"wp-block-image\">\n<figure class=\"alignleft\"><a href=\"https:\/\/blog.tienda.ro\/wp-content\/uploads\/2017\/02\/template-PcP-p04.jpg\"><img decoding=\"async\" src=\"https:\/\/blog.tienda.ro\/wp-content\/uploads\/2017\/02\/template-PcP-p04-300x200.jpg\" alt=\"\" class=\"wp-image-3548\"\/><\/a><\/figure>\n<\/div>\n\n\n<p><\/p>\n\n\n\n<p><\/p>\n\n\n\n<p><\/p>\n\n\n\n<div style=\"height:10px\" aria-hidden=\"true\" class=\"wp-block-spacer\"><\/div>\n\n\n\n<p>Pasul. 4<\/p>\n\n\n\n<p>-aplic\u0103m gel de construc\u021bie pe patul unghiei \u015fi pe \u015fablon la forma \u015fi lungimea dorite, polimeriz\u0103m \u00een lampa UV 1 minut, am utilizat gel de construc\u021bie Karat Sculptor Rose, un gel UV de construc\u021bie, v\u00e2scos, milky pink, f\u0103r\u0103 acid. Este u\u0219or de modelat \u0219i de pilit, nu arde, nu curge, iar extensiile create sunt foarte rezistente.\u201d&gt; Karat Sculptor Rose, un gel UV de construc\u021bie, v\u00e2scos, milky pink, f\u0103r\u0103 acid. Este u\u0219or de modelat \u0219i de pilit, nu arde, nu curge, iar extensiile create sunt foarte rezistente.<\/p>\n\n\n<div class=\"wp-block-image\">\n<figure class=\"alignleft\"><a href=\"https:\/\/blog.tienda.ro\/wp-content\/uploads\/2017\/02\/template-PcP-p05.jpg\"><img decoding=\"async\" src=\"https:\/\/blog.tienda.ro\/wp-content\/uploads\/2017\/02\/template-PcP-p05-300x200.jpg\" alt=\"\" class=\"wp-image-3549\"\/><\/a><\/figure>\n<\/div>\n\n\n<div style=\"height:10px\" aria-hidden=\"true\" class=\"wp-block-spacer\"><\/div>\n\n\n\n<p>Pasul. 5<\/p>\n\n\n\n<p>-gelul Sculptor Rose permite o modelare creativ\u0103 \u0219i exact\u0103, gelul p\u0103str\u00e2nd forma modelat\u0103 p\u00e2n\u0103 la polimerizare. Culoarea roz-l\u0103ptos foarte pl\u0103cut\u0103 \u00eel face o alegere potrivit\u0103 pentru unghii naturale cu diferen\u021be de nuan\u021b\u0103.<\/p>\n\n\n<div class=\"wp-block-image\">\n<figure class=\"alignleft\"><a href=\"https:\/\/blog.tienda.ro\/wp-content\/uploads\/2017\/02\/template-PcP-p06.jpg\"><img decoding=\"async\" src=\"https:\/\/blog.tienda.ro\/wp-content\/uploads\/2017\/02\/template-PcP-p06-300x200.jpg\" alt=\"\" class=\"wp-image-3550\"\/><\/a><\/figure>\n<\/div>\n\n\n<p><\/p>\n\n\n\n<p><\/p>\n\n\n\n<p><\/p>\n\n\n\n<div style=\"height:10px\" aria-hidden=\"true\" class=\"wp-block-spacer\"><\/div>\n\n\n\n<p>Pasul. 6<\/p>\n\n\n\n<p>-degres\u0103m cu nail cleaner \u0219i pilim la forma corect\u0103, utiliz\u00e2nd un gel care nu curge, aceast\u0103 etap\u0103 este o formalitate, finis\u0103m cu bufferul, \u00eendep\u0103rt\u0103m praful, degres\u0103m cu nail cleaner<\/p>\n\n\n\n<p><\/p>\n\n\n\n<p><\/p>\n\n\n<div class=\"wp-block-image\">\n<figure class=\"alignleft\"><a href=\"https:\/\/blog.tienda.ro\/wp-content\/uploads\/2017\/02\/template-PcP-p07.jpg\"><img decoding=\"async\" src=\"https:\/\/blog.tienda.ro\/wp-content\/uploads\/2017\/02\/template-PcP-p07-300x200.jpg\" alt=\"\" class=\"wp-image-3551\"\/><\/a><\/figure>\n<\/div>\n\n\n<div style=\"height:10px\" aria-hidden=\"true\" class=\"wp-block-spacer\"><\/div>\n\n\n\n<p>Pasul. 7<\/p>\n\n\n\n<p>-aplic\u0103m primer non acid pe unghie l\u00e2ng\u0103 cuticul\u0103, apoi aplic\u0103m&nbsp;<a href=\"https:\/\/www.tienda.ro\/36-oje-semipermanente\">oja semipermanent\u0103 pentru culoare Gelaxyo 142<\/a><\/p>\n\n\n\n<div class=\"wp-block-tienda-product-product\" class=\"wp-block-tienda-product-product\"><img decoding=\"async\" src=\"https:\/\/www.tienda.ro\/25084-medium_default\/gelaxyo-finish-matteo-7ml.jpg\"\/><div class=\"produs-tienda\"><h3>GELAXYO FINISH MATTEO  7ml<\/h3><a href=\"https:\/\/www.tienda.ro\/geluri-uv-finish\/11167-gelaxyo-finish-matteo-7ml.html\">Vezi produsul<\/a><\/div><\/div>\n\n\n\n<p>-pe o alt\u0103 unghie aplic\u0103m oja semipermanenta Gelaxyo 130<\/p>\n\n\n<div class=\"wp-block-image\">\n<figure class=\"alignleft\"><a href=\"https:\/\/blog.tienda.ro\/wp-content\/uploads\/2017\/02\/DSC_0081.jpg\"><img decoding=\"async\" src=\"https:\/\/blog.tienda.ro\/wp-content\/uploads\/2017\/02\/DSC_0081-300x200.jpg\" alt=\"\" class=\"wp-image-3544\"\/><\/a><\/figure>\n<\/div>\n\n\n<p><br><\/p>\n\n\n\n<p><\/p>\n\n\n\n<div style=\"height:10px\" aria-hidden=\"true\" class=\"wp-block-spacer\"><\/div>\n\n\n\n<p><\/p>\n\n\n\n<p>-pe o alt\u0103 unghie aplic\u0103m oja semipermanenta Gelaxyo 117<\/p>\n\n\n<div class=\"wp-block-image\">\n<figure class=\"alignleft\"><a href=\"https:\/\/blog.tienda.ro\/wp-content\/uploads\/2017\/02\/template-PcP-p08.jpg\"><img decoding=\"async\" src=\"https:\/\/blog.tienda.ro\/wp-content\/uploads\/2017\/02\/template-PcP-p08-300x200.jpg\" alt=\"\" class=\"wp-image-3552\"\/><\/a><\/figure>\n<\/div>\n\n\n<p><\/p>\n\n\n\n<p><\/p>\n\n\n\n<p><\/p>\n\n\n\n<div style=\"height:10px\" aria-hidden=\"true\" class=\"wp-block-spacer\"><\/div>\n\n\n\n<p>Pasul. 8<\/p>\n\n\n\n<p>-pe unghia pe care s-a aplicat culoarea bej se realizeaz\u0103 un model cu oja semi Gelaxyo, se sigileaz\u0103 cu finish pentru<a href=\"https:\/\/www.tienda.ro\/oje-semipermanente-gelaxyo-karat\/7732-gks101-gelaxyo-top-coat.html\">&nbsp;oja semi Top Coat<\/a><\/p>\n\n\n<div class=\"wp-block-image\">\n<figure class=\"alignleft\"><a href=\"https:\/\/blog.tienda.ro\/wp-content\/uploads\/2017\/02\/template-PcP-p09.jpg\"><img decoding=\"async\" src=\"https:\/\/blog.tienda.ro\/wp-content\/uploads\/2017\/02\/template-PcP-p09-300x200.jpg\" alt=\"\" class=\"wp-image-3553\"\/><\/a><\/figure>\n<\/div>\n\n\n<p><\/p>\n\n\n\n<p><\/p>\n\n\n\n<p><\/p>\n\n\n\n<p><\/p>\n\n\n\n<div style=\"height:10px\" aria-hidden=\"true\" class=\"wp-block-spacer\"><\/div>\n\n\n\n<p>Pasul. 9<\/p>\n\n\n\n<p>-tras\u0103m linii fine cu gelul alb French Over, aplic\u0103m bilu\u021be de caviar \u0219i un \u0219tras auriu, apoi sigilam din nou cu Top Gel<\/p>\n\n\n<div class=\"wp-block-image\">\n<figure class=\"alignleft\"><a href=\"https:\/\/blog.tienda.ro\/wp-content\/uploads\/2017\/02\/template-PcP-p10.jpg\"><img decoding=\"async\" src=\"https:\/\/blog.tienda.ro\/wp-content\/uploads\/2017\/02\/template-PcP-p10-300x200.jpg\" alt=\"\" class=\"wp-image-3554\"\/><\/a><\/figure>\n<\/div>\n\n\n<p><\/p>\n\n\n\n<p><\/p>\n\n\n\n<p><\/p>\n\n\n\n<div style=\"height:10px\" aria-hidden=\"true\" class=\"wp-block-spacer\"><\/div>\n\n\n\n<p>Pasul. 10<\/p>\n\n\n\n<p>Un model u\u0219or de realizat \u0219i de efect !<\/p>\n\n\n\n<p><\/p>\n","protected":false},"excerpt":{"rendered":"<p>Pasul. 1 -aplic\u0103m&nbsp;solu\u0163ie pentru \u00eendep\u0103rtat cuticula-\u00eempingem cuticula cu un&nbsp;instrument de inox-\u00eendep\u0103rt\u0103rt\u0103m luciul natural al unghiei, cu o pil\u0103 de granula\u021bie 180, pilim v\u00e2rful unghiei pe rotund, scurt\u0103m unghia la 1-2mm, \u00eendep\u0103rt\u0103m praful de pe unghie cu un p\u0103m\u0103tuf, degres\u0103m unghia cu Pasul. 2 -aplic\u0103m&nbsp;primer&nbsp;e&nbsp;unghia natural\u0103Important: vom aplica primer f\u0103r\u0103 acid de preferin\u021b\u0103 acesta nefiind coroziv [&hellip;]<\/p>\n","protected":false},"author":1,"featured_media":1043,"comment_status":"open","ping_status":"open","sticky":false,"template":"","format":"standard","meta":{"footnotes":""},"categories":[9],"tags":[],"class_list":["post-452","post","type-post","status-publish","format-standard","has-post-thumbnail","hentry","category-unghiute-pas-cu-pas"],"_links":{"self":[{"href":"https:\/\/www.tienda.ro\/blog\/wp-json\/wp\/v2\/posts\/452","targetHints":{"allow":["GET"]}}],"collection":[{"href":"https:\/\/www.tienda.ro\/blog\/wp-json\/wp\/v2\/posts"}],"about":[{"href":"https:\/\/www.tienda.ro\/blog\/wp-json\/wp\/v2\/types\/post"}],"author":[{"embeddable":true,"href":"https:\/\/www.tienda.ro\/blog\/wp-json\/wp\/v2\/users\/1"}],"replies":[{"embeddable":true,"href":"https:\/\/www.tienda.ro\/blog\/wp-json\/wp\/v2\/comments?post=452"}],"version-history":[{"count":12,"href":"https:\/\/www.tienda.ro\/blog\/wp-json\/wp\/v2\/posts\/452\/revisions"}],"predecessor-version":[{"id":677,"href":"https:\/\/www.tienda.ro\/blog\/wp-json\/wp\/v2\/posts\/452\/revisions\/677"}],"wp:featuredmedia":[{"embeddable":true,"href":"https:\/\/www.tienda.ro\/blog\/wp-json\/wp\/v2\/media\/1043"}],"wp:attachment":[{"href":"https:\/\/www.tienda.ro\/blog\/wp-json\/wp\/v2\/media?parent=452"}],"wp:term":[{"taxonomy":"category","embeddable":true,"href":"https:\/\/www.tienda.ro\/blog\/wp-json\/wp\/v2\/categories?post=452"},{"taxonomy":"post_tag","embeddable":true,"href":"https:\/\/www.tienda.ro\/blog\/wp-json\/wp\/v2\/tags?post=452"}],"curies":[{"name":"wp","href":"https:\/\/api.w.org\/{rel}","templated":true}]}}