{"id":1953,"date":"2026-01-14T19:56:38","date_gmt":"2026-01-14T19:56:38","guid":{"rendered":"https:\/\/www.tienda.ro\/blog\/?p=1953"},"modified":"2026-01-14T20:27:45","modified_gmt":"2026-01-14T20:27:45","slug":"de-ce-nu-trebuie-sa-ai-totul-clar-ca-sa-mergi-mai-departe-%f0%9f%8c%a4%ef%b8%8f","status":"publish","type":"post","link":"https:\/\/www.tienda.ro\/blog\/de-ce-nu-trebuie-sa-ai-totul-clar-ca-sa-mergi-mai-departe-%f0%9f%8c%a4%ef%b8%8f\/","title":{"rendered":"De ce nu trebuie s\u0103 ai totul clar ca s\u0103 mergi mai departe \ud83c\udf24\ufe0f"},"content":{"rendered":"\n<h4 class=\"wp-block-heading\">(o reflec\u021bie sincer\u0103 pentru tehnicienele care pun unghii zi de zi)<\/h4>\n\n\n\n<p>Dac\u0103 pui unghii cu gel de ani buni, probabil c\u0103 ai tr\u0103it deja acest moment:<br>\u0219tii s\u0103 lucrezi, ai cliente, ai trecut prin cursuri, ai investit \u00een produse \u2014<br>\u0219i totu\u0219i, la \u00eenceput de an, nu \u00ee\u021bi este foarte clar <strong>ce urmeaz\u0103<\/strong>.<\/p>\n\n\n\n<p>Nu \u0219tii exact:<\/p>\n\n\n\n<ul class=\"wp-block-list\">\n<li>dac\u0103 s\u0103 mai cre\u0219ti pre\u021burile<\/li>\n\n\n\n<li>dac\u0103 s\u0103 investe\u0219ti \u00eentr-un curs nou<\/li>\n\n\n\n<li>dac\u0103 s\u0103 r\u0103m\u00e2i pe cont propriu<\/li>\n\n\n\n<li>sau dac\u0103 s\u0103 schimbi ceva \u00een modul \u00een care lucrezi<\/li>\n<\/ul>\n\n\n\n<p><\/p>\n\n\n\n<p>\u0218i poate, undeva \u00een spate, apare \u00eentrebarea:<\/p>\n\n\n\n<blockquote class=\"wp-block-quote is-layout-flow wp-block-quote-is-layout-flow\">\n<p><strong>\u201eCare e planul meu pe 2026?\u201d<\/strong><\/p>\n<\/blockquote>\n\n\n\n<p>Dac\u0103 nu ai un r\u0103spuns clar, nu \u00eenseamn\u0103 c\u0103 e ceva \u00een neregul\u0103 cu tine.<br>\u00censeamn\u0103 c\u0103 e\u0219ti \u00eentr-o etap\u0103 normal\u0103. \ud83c\udf31<\/p>\n\n\n\n<p><em>Aprop\u00f3, tu \u021bi-ai facut <strong>autoevaluarea<\/strong>, ca s\u0103 \u0219tii la ce <strong><a href=\"https:\/\/tienda.short.gy\/Exn91W\" target=\"_blank\" rel=\"noreferrer noopener\">nivel profesional<\/a><\/strong> te prezin\u021bi \u00een fa\u021ba clientelor tale? Dac\u0103 nu, \u00ee\u021bi recomand\u0103m <a href=\"https:\/\/tienda.short.gy\/Exn91W\" target=\"_blank\" rel=\"noreferrer noopener\">s\u0103 cite\u0219ti articolul de aici<\/a>.<\/em><\/p>\n\n\n\n<p><\/p>\n\n\n\n<h2 class=\"wp-block-heading\">Maria pune unghii cu gel. \u0218i nu are totul clar.<\/h2>\n\n\n\n<p>Maria pune unghii cu gel de ani buni.<br>Lucreaz\u0103 corect, are cliente fidele, \u0219tie ce face la mas\u0103.<\/p>\n\n\n\n<p>\u00cen fiecare diminea\u021b\u0103 \u00ee\u0219i preg\u0103te\u0219te masa de lucru:<\/p>\n\n\n\n<ul class=\"wp-block-list\">\n<li>geluri<\/li>\n\n\n\n<li>baze<\/li>\n\n\n\n<li>pile<\/li>\n\n\n\n<li>frez\u0103<\/li>\n\n\n\n<li>lamp\u0103<\/li>\n\n\n\n<li>aspirator<\/li>\n<\/ul>\n\n\n\n<p><\/p>\n\n\n\n<p>Ziua trece \u00eentre program\u0103ri, culori, repara\u021bii, discu\u021bii cu clientele.<br>Seara, c\u00e2nd \u00eenchide u\u0219a, r\u0103m\u00e2ne cu g\u00e2ndurile ei.<\/p>\n\n\n\n<p>Maria <strong>munce\u0219te<\/strong>.<br>Dar nu mai e sigur\u0103 \u00eencotro merge.<\/p>\n\n\n\n<h2 class=\"wp-block-heading\">La ce se uit\u0103 Maria, c\u00e2nd \u00ee\u0219i ia telefonul \u00een m\u00e2n\u0103 \ud83d\udcf1<\/h2>\n\n\n\n<p>\u00cen pauza dintre cliente, sau seara, Maria deschide Instagramul.<\/p>\n\n\n\n<p>\u0218i vede:<\/p>\n\n\n\n<p>\u2013 o tehnician\u0103 ca ea, plecat\u0103 \u00eentr-o <strong>excursie exotic\u0103<\/strong> \ud83c\udf34<br>\u2013 alta care tocmai \u0219i-a cump\u0103rat o <strong>ma\u0219in\u0103 nou\u0103<\/strong> \ud83d\ude97<br>\u2013 cineva care a <strong>deschis un salon<\/strong> \u0219i a pus cheia \u00een u\u0219\u0103 \ud83d\udddd\ufe0f<br>\u2013 cineva care <strong>colaboreaz\u0103 cu un brand<\/strong> de produse \ud83d\udcbc<br>\u2013 cineva care pare c\u0103 face doar <strong>\u0219edin\u021be foto<\/strong>, post\u0103ri perfecte, story-uri zilnic \ud83d\udcf8<br><em>(\u0219i Maria se \u00eentreab\u0103, f\u0103r\u0103 r\u0103utate: \u201eoare c\u00e2nd mai lucreaz\u0103?\u201d)<\/em><\/p>\n\n\n\n<p>Toate arat\u0103 bine.<br>Toate par s\u0103 \u0219tie exact ce fac.<\/p>\n\n\n\n<p>\u0218i, inevitabil, apare g\u00e2ndul:<\/p>\n\n\n\n<blockquote class=\"wp-block-quote is-layout-flow wp-block-quote-is-layout-flow\">\n<p>\u201eEu de ce nu sunt acolo?\u201d<\/p>\n<\/blockquote>\n\n\n\n<h2 class=\"wp-block-heading\">Presiunea nu vine din lipsa muncii, ci din compara\u021bie<\/h2>\n\n\n\n<p>Maria nu st\u0103 degeaba.<br>Lucreaz\u0103 zilnic.<br>Are program\u0103ri.<br>Are responsabilit\u0103\u021bi.<\/p>\n\n\n\n<p>Dar c\u00e2nd se compar\u0103 cu ce vede, apare presiunea:<\/p>\n\n\n\n<ul class=\"wp-block-list\">\n<li>s\u0103 accelereze<\/li>\n\n\n\n<li>s\u0103 decid\u0103 mai repede<\/li>\n\n\n\n<li>s\u0103 fac\u0103 \u201eurm\u0103torul pas\u201d<\/li>\n<\/ul>\n\n\n\n<p><\/p>\n\n\n\n<p>Chiar dac\u0103 nu \u0219tie \u00eenc\u0103 <strong>care<\/strong> este acel pas.<\/p>\n\n\n\n<p>Aceast\u0103 presiune este una dintre cele mai obositoare.<br>Pentru c\u0103 vine din exterior, dar se instaleaz\u0103 \u00een interior.<\/p>\n\n\n\n<h2 class=\"wp-block-heading\">A merge mai departe nu \u00eenseamn\u0103 s\u0103 copiezi drumul altcuiva<\/h2>\n\n\n\n<p>Maria \u00eencepe s\u0103 \u00een\u021beleag\u0103 un lucru important:<br>faptul c\u0103 altele sunt \u00eentr-un anumit punct <strong>nu \u00eenseamn\u0103 c\u0103 ea e \u00een urm\u0103<\/strong>.<\/p>\n\n\n\n<p>Fiecare dintre acele exemple:<\/p>\n\n\n\n<ul class=\"wp-block-list\">\n<li>are alt context<\/li>\n\n\n\n<li>alt moment de via\u021b\u0103<\/li>\n\n\n\n<li>alte resurse<\/li>\n\n\n\n<li>alte compromisuri<\/li>\n<\/ul>\n\n\n\n<p><\/p>\n\n\n\n<p>Drumul cuiva nu este un deadline pentru tine.<\/p>\n\n\n\n<p>Pentru Maria, mersul mai departe nu \u00eenseamn\u0103:<\/p>\n\n\n\n<ul class=\"wp-block-list\">\n<li>s\u0103 \u00ee\u0219i ia o vacan\u021b\u0103 doar pentru c\u0103 \u201ea\u0219a se face\u201d<\/li>\n\n\n\n<li>s\u0103 \u00ee\u0219i deschid\u0103 un salon \u00eenainte s\u0103 fie preg\u0103tit\u0103<\/li>\n\n\n\n<li>s\u0103 colaboreze cu un brand doar ca s\u0103 bifeze ceva<\/li>\n<\/ul>\n\n\n\n<p><\/p>\n\n\n\n<p>\u00censeamn\u0103 s\u0103 fac\u0103 <strong>pa\u0219ii care au sens pentru ea<\/strong>.<\/p>\n\n\n\n<h2 class=\"wp-block-heading\">Claritatea nu vine din scroll, ci din munc\u0103 atent\u0103<\/h2>\n\n\n\n<p>Maria observ\u0103 c\u0103 r\u0103spunsurile nu apar c\u00e2nd se compar\u0103.<br>Apar c\u00e2nd:<\/p>\n\n\n\n<ul class=\"wp-block-list\">\n<li>\u00ee\u0219i analizeaz\u0103 zilele<\/li>\n\n\n\n<li>vede ce servicii o obosesc cel mai mult<\/li>\n\n\n\n<li>ce produse \u00eei consum\u0103 timp \u0219i bani<\/li>\n\n\n\n<li>ce cliente \u00eei dau energie \u0219i care o epuizeaz\u0103<\/li>\n<\/ul>\n\n\n\n<p><\/p>\n\n\n\n<p>Claritatea nu vine dintr-o postare perfect\u0103.<br>Vine din <strong>realitatea de la mas\u0103<\/strong>.<\/p>\n\n\n\n<h2 class=\"wp-block-heading\">Planul pentru 2026 \u00eencepe mai simplu dec\u00e2t crezi (dar nu mai superficial)<\/h2>\n\n\n\n<p>Pentru Maria, planul pentru 2026 nu \u00eencepe cu o decizie mare.<br>Nu \u00eencepe cu \u201eschimb tot\u201d.<br>Nu \u00eencepe cu \u201ede m\u00e2ine sunt altcineva\u201d.<\/p>\n\n\n\n<p>\u00cencepe cu <strong>claritate opera\u021bional\u0103<\/strong>.<\/p>\n\n\n\n<p>Adic\u0103 cu acele lucruri care \u00eei influen\u021beaz\u0103 direct munca de zi cu zi, chiar dac\u0103 nu apar \u00een post\u0103ri sau planuri ambi\u021bioase.<\/p>\n\n\n\n<p>Pentru Maria, planul arat\u0103 mai degrab\u0103 ca un set de <strong>repere<\/strong>, nu ca o strategie rigid\u0103:<\/p>\n\n\n\n<p>\u2013 <em>Ce fel de zile vreau s\u0103 am la masa de lucru?<\/em><br>\u2013 <em>C\u00e2t de obosit\u0103 vreau s\u0103 fiu la final de s\u0103pt\u0103m\u00e2n\u0103?<\/em><br>\u2013 <em>Ce tip de munc\u0103 vreau s\u0103 repet \u00een fiecare zi?<\/em><\/p>\n\n\n\n<p>Aceste \u00eentreb\u0103ri sunt mai importante dec\u00e2t:<br>\u201eUnde vreau s\u0103 ajung peste 3 ani?\u201d<\/p>\n\n\n\n<h3 class=\"wp-block-heading\">Un plan suficient de bun este unul care se poate sus\u021bine<\/h3>\n\n\n\n<p>Maria \u00een\u021belege c\u0103 un plan bun nu este cel mai ambi\u021bios,<br>ci cel care poate fi <strong>dus \u00een mod repetat<\/strong>, f\u0103r\u0103 s\u0103 o ard\u0103 pe interior.<\/p>\n\n\n\n<p>A\u0219a c\u0103 \u00eencepe s\u0103 g\u00e2ndeasc\u0103 altfel:<\/p>\n\n\n\n<p>\u2013 nu <em>c\u00e2t de mult<\/em> munce\u0219te<br>\u2013 ci <em>c\u00e2t de coerent<\/em> munce\u0219te<\/p>\n\n\n\n<p>\u2013 nu <em>c\u00e2te cliente are<\/em><br>\u2013 ci <em>c\u00e2t timp \u0219i energie \u00eei cere fiecare serviciu<\/em><\/p>\n\n\n\n<p>\u2013 nu <em>ce mai poate ad\u0103uga<\/em><br>\u2013 ci <em>ce ar trebui s\u0103 scoat\u0103<\/em><\/p>\n\n\n\n<p>Acesta este un plan matur.<br>Pentru c\u0103 pleac\u0103 din realitatea zilnic\u0103, nu din proiec\u021bii ideale.<\/p>\n\n\n\n<h3 class=\"wp-block-heading\">Planul pentru 2026 nu este despre control total, ci despre direc\u021bie<\/h3>\n\n\n\n<p>Maria accept\u0103 un adev\u0103r greu, dar eliberator:<br>nu va putea controla pia\u021ba, cererea sau ce fac altele.<\/p>\n\n\n\n<p>Ce poate controla este:<br>\u2013 ritmul ei<br>\u2013 costurile ei<br>\u2013 modul \u00een care \u00ee\u0219i organizeaz\u0103 munca<\/p>\n\n\n\n<p>Planul ei nu spune:<br>\u201e\u00cen 2026 voi face X.\u201d<\/p>\n\n\n\n<p>Spune mai degrab\u0103:<\/p>\n\n\n\n<p>\u201e\u00cen 2026 vreau s\u0103 lucrez \u00eentr-un mod care s\u0103 m\u0103 \u021bin\u0103 pe linia de plutire \u0219i s\u0103-mi lase loc de cre\u0219tere.\u201d<\/p>\n\n\n\n<p>Este o diferen\u021b\u0103 subtil\u0103, dar esen\u021bial\u0103.<\/p>\n\n\n\n<h3 class=\"wp-block-heading\">Simplitatea nu \u00eenseamn\u0103 lips\u0103 de ambi\u021bie<\/h3>\n\n\n\n<p>Planul Mariei pare simplu doar la suprafa\u021b\u0103.<\/p>\n\n\n\n<p>\u00cen realitate, este rezultatul unei maturiz\u0103ri:<\/p>\n\n\n\n<p>\u2013 \u0219tie ce nu mai vrea<br>\u2013 \u0219tie ce o cost\u0103 prea mult<br>\u2013 \u0219tie ce nu mai merit\u0103 energia ei<\/p>\n\n\n\n<p>Asta nu este lips\u0103 de ambi\u021bie.<br>Este <strong>ambitia recalibrat\u0103<\/strong>.<\/p>\n\n\n\n<p>Una care nu mai cere sacrificii permanente,<br>ci continuitate s\u0103n\u0103toas\u0103.<\/p>\n\n\n\n<h3 class=\"wp-block-heading\">De aici \u00eencepe, de fapt, 2026<\/h3>\n\n\n\n<p>Pentru Maria, planul pentru 2026 nu este \u00eenc\u0103 \u201escris pe h\u00e2rtie\u201d.<\/p>\n\n\n\n<p>Dar este deja prezent:<br>\u2013 \u00een felul \u00een care \u00ee\u0219i prive\u0219te zilele<br>\u2013 \u00een deciziile mici pe care le ia<br>\u2013 \u00een limitele pe care \u00eencepe s\u0103 le pun\u0103<\/p>\n\n\n\n<p>\u0218i acesta este un \u00eenceput suficient de solid.<\/p>\n\n\n\n<h2 class=\"wp-block-heading\">Despre spa\u021biul de manevr\u0103<\/h2>\n\n\n\n<p>Maria nu are nevoie de presiune.<br>Are nevoie de <strong>spa\u021biu<\/strong>.<\/p>\n\n\n\n<p>Spa\u021biu s\u0103:<\/p>\n\n\n\n<ul class=\"wp-block-list\">\n<li>testeze<\/li>\n\n\n\n<li>ajusteze<\/li>\n\n\n\n<li>continue f\u0103r\u0103 panic\u0103<\/li>\n<\/ul>\n\n\n\n<p><\/p>\n\n\n\n<p>Nu toate deciziile trebuie luate acum.<br>Unele se cer doar <strong>l\u0103sate s\u0103 dospeasc\u0103<\/strong>.<\/p>\n\n\n\n<h2 class=\"wp-block-heading\">Concluzie<\/h2>\n\n\n\n<p>Dac\u0103 pui unghii cu gel \u0219i te ui\u021bi \u00een jur<br>sim\u021bind c\u0103 altele par \u201emai departe\u201d,<br>nu \u00eenseamn\u0103 c\u0103 tu e\u0219ti pe loc.<\/p>\n\n\n\n<p>\u00censeamn\u0103 c\u0103 drumul t\u0103u arat\u0103 diferit.<\/p>\n\n\n\n<p>Nu trebuie s\u0103 ai totul clar<br>ca s\u0103 mergi mai departe.<\/p>\n\n\n\n<p>Uneori, s\u0103 continui \u2014 con\u0219tient \u0219i calm \u2014 este suficient. \ud83d\udc9c<\/p>\n","protected":false},"excerpt":{"rendered":"<p>(o reflec\u021bie sincer\u0103 pentru tehnicienele care pun unghii zi de zi) Dac\u0103 pui unghii cu gel de ani buni, probabil c\u0103 ai tr\u0103it deja acest moment:\u0219tii s\u0103 lucrezi, ai cliente, ai trecut prin cursuri, ai investit \u00een produse \u2014\u0219i totu\u0219i, la \u00eenceput de an, nu \u00ee\u021bi este foarte clar ce urmeaz\u0103. Nu \u0219tii exact: \u0218i [&hellip;]<\/p>\n","protected":false},"author":1,"featured_media":1972,"comment_status":"open","ping_status":"open","sticky":false,"template":"","format":"standard","meta":{"footnotes":""},"categories":[13],"tags":[],"class_list":["post-1953","post","type-post","status-publish","format-standard","has-post-thumbnail","hentry","category-evolutie-profesionala"],"_links":{"self":[{"href":"https:\/\/www.tienda.ro\/blog\/wp-json\/wp\/v2\/posts\/1953","targetHints":{"allow":["GET"]}}],"collection":[{"href":"https:\/\/www.tienda.ro\/blog\/wp-json\/wp\/v2\/posts"}],"about":[{"href":"https:\/\/www.tienda.ro\/blog\/wp-json\/wp\/v2\/types\/post"}],"author":[{"embeddable":true,"href":"https:\/\/www.tienda.ro\/blog\/wp-json\/wp\/v2\/users\/1"}],"replies":[{"embeddable":true,"href":"https:\/\/www.tienda.ro\/blog\/wp-json\/wp\/v2\/comments?post=1953"}],"version-history":[{"count":14,"href":"https:\/\/www.tienda.ro\/blog\/wp-json\/wp\/v2\/posts\/1953\/revisions"}],"predecessor-version":[{"id":1974,"href":"https:\/\/www.tienda.ro\/blog\/wp-json\/wp\/v2\/posts\/1953\/revisions\/1974"}],"wp:featuredmedia":[{"embeddable":true,"href":"https:\/\/www.tienda.ro\/blog\/wp-json\/wp\/v2\/media\/1972"}],"wp:attachment":[{"href":"https:\/\/www.tienda.ro\/blog\/wp-json\/wp\/v2\/media?parent=1953"}],"wp:term":[{"taxonomy":"category","embeddable":true,"href":"https:\/\/www.tienda.ro\/blog\/wp-json\/wp\/v2\/categories?post=1953"},{"taxonomy":"post_tag","embeddable":true,"href":"https:\/\/www.tienda.ro\/blog\/wp-json\/wp\/v2\/tags?post=1953"}],"curies":[{"name":"wp","href":"https:\/\/api.w.org\/{rel}","templated":true}]}}