{"id":1731,"date":"2025-10-08T09:30:34","date_gmt":"2025-10-08T09:30:34","guid":{"rendered":"https:\/\/www.tienda.ro\/blog\/?p=1731"},"modified":"2025-10-08T09:30:35","modified_gmt":"2025-10-08T09:30:35","slug":"unghii-negre","status":"publish","type":"post","link":"https:\/\/www.tienda.ro\/blog\/unghii-negre\/","title":{"rendered":"Top 20 modele de unghii negre cu gel elegante"},"content":{"rendered":"\n<p>C\u00e2nd ai purtat ultima dat\u0103 unghii negre? Acest tip de manichiur\u0103, c\u00e2ndva un simbol al nonconformismului, a devenit alegerea preferat\u0103 a femeilor care viseaz\u0103 la un look sofisticat. Manichiur\u0103 neagr\u0103 doar pentru ocazii speciale sau doar pentru sezonul rece? \u00ce\u021bi po\u021bi purta unghiile a\u0219a \u00een orice sezon, oric\u00e2nd \u00ee\u021bi dore\u0219ti. \u00cen continuare, vei descoperi 20 de modele spectaculoase \u2013 surs\u0103 de inspira\u021bie pentru formele care te avantajeaz\u0103 cel mai bine. Cite\u0219te articolul p\u00e2n\u0103 la final!<\/p>\n\n\n\n<h2 class=\"wp-block-heading\"><strong> C\u00e2nd se poart\u0103 unghiile cu gel negre? <\/strong><\/h2>\n\n\n\n<p>Po\u021bi purta unghii cu gel negre oric\u00e2nd, la aproape orice ocazie. Sigur, exist\u0103 momente \u0219i contexte \u00een care se potrivesc de minune. Vorbim aici despre \u021binutele all black sau monocrome, despre \u021binutele minimaliste, festivaluri \u0219i concerte. Dac\u0103 boho este stilul t\u0103u, dac\u0103 edgy te reprezint\u0103 foarte bine, te po\u021bi orienta c\u0103tre unghii negre cu sclipici sau cu modele \u00eendr\u0103zne\u021be.&nbsp;<\/p>\n\n\n\n<figure class=\"wp-block-gallery has-nested-images columns-default is-cropped wp-block-gallery-1 is-layout-flex wp-block-gallery-is-layout-flex\">\n<figure class=\"wp-block-image size-large is-style-rounded\"><img fetchpriority=\"high\" decoding=\"async\" width=\"1024\" height=\"1024\" data-id=\"1756\" src=\"https:\/\/www.tienda.ro\/blog\/wp-content\/uploads\/2025\/10\/20230820_142954-1024x1024.jpg\" alt=\"\" class=\"wp-image-1756\" srcset=\"https:\/\/www.tienda.ro\/blog\/wp-content\/uploads\/2025\/10\/20230820_142954-1024x1024.jpg 1024w, https:\/\/www.tienda.ro\/blog\/wp-content\/uploads\/2025\/10\/20230820_142954-300x300.jpg 300w, https:\/\/www.tienda.ro\/blog\/wp-content\/uploads\/2025\/10\/20230820_142954-150x150.jpg 150w, https:\/\/www.tienda.ro\/blog\/wp-content\/uploads\/2025\/10\/20230820_142954-768x768.jpg 768w, https:\/\/www.tienda.ro\/blog\/wp-content\/uploads\/2025\/10\/20230820_142954-1536x1536.jpg 1536w, https:\/\/www.tienda.ro\/blog\/wp-content\/uploads\/2025\/10\/20230820_142954.jpg 1936w\" sizes=\"(max-width: 1024px) 100vw, 1024px\" \/><\/figure>\n\n\n\n<figure class=\"wp-block-image size-large is-style-rounded\"><img decoding=\"async\" width=\"768\" height=\"1024\" data-id=\"1735\" src=\"https:\/\/www.tienda.ro\/blog\/wp-content\/uploads\/2025\/10\/photo_2024-12-17_15-54-24-768x1024.jpg\" alt=\"\" class=\"wp-image-1735\" srcset=\"https:\/\/www.tienda.ro\/blog\/wp-content\/uploads\/2025\/10\/photo_2024-12-17_15-54-24-768x1024.jpg 768w, https:\/\/www.tienda.ro\/blog\/wp-content\/uploads\/2025\/10\/photo_2024-12-17_15-54-24-225x300.jpg 225w, https:\/\/www.tienda.ro\/blog\/wp-content\/uploads\/2025\/10\/photo_2024-12-17_15-54-24.jpg 960w\" sizes=\"(max-width: 768px) 100vw, 768px\" \/><\/figure>\n\n\n\n<figure class=\"wp-block-image size-large is-style-rounded\"><img decoding=\"async\" width=\"768\" height=\"1024\" data-id=\"1741\" src=\"https:\/\/www.tienda.ro\/blog\/wp-content\/uploads\/2025\/10\/WhatsApp-Image-2025-04-07-at-16.42.37-1-768x1024.jpeg\" alt=\"\" class=\"wp-image-1741\" srcset=\"https:\/\/www.tienda.ro\/blog\/wp-content\/uploads\/2025\/10\/WhatsApp-Image-2025-04-07-at-16.42.37-1-768x1024.jpeg 768w, https:\/\/www.tienda.ro\/blog\/wp-content\/uploads\/2025\/10\/WhatsApp-Image-2025-04-07-at-16.42.37-1-225x300.jpeg 225w, https:\/\/www.tienda.ro\/blog\/wp-content\/uploads\/2025\/10\/WhatsApp-Image-2025-04-07-at-16.42.37-1-1152x1536.jpeg 1152w, https:\/\/www.tienda.ro\/blog\/wp-content\/uploads\/2025\/10\/WhatsApp-Image-2025-04-07-at-16.42.37-1-1536x2048.jpeg 1536w, https:\/\/www.tienda.ro\/blog\/wp-content\/uploads\/2025\/10\/WhatsApp-Image-2025-04-07-at-16.42.37-1-scaled.jpeg 1920w\" sizes=\"(max-width: 768px) 100vw, 768px\" \/><\/figure>\n<\/figure>\n\n\n\n<h2 class=\"wp-block-heading\"><strong> Modele spectaculoase de unghii negre cu gel <\/strong><\/h2>\n\n\n\n<p>Unghiile tale au nevoie de un <a href=\"https:\/\/www.tienda.ro\/394-top-coat-uri\">top coat<\/a> profesional, iar tu de inspira\u021bia necesar\u0103 pentru a crea modele spectaculoase &#8211; unghii cu gel negre. S\u0103 fie spectacol! S\u0103 fie magie!<\/p>\n\n\n\n<h4 class=\"wp-block-heading\"><strong> Unghii cu sclipici <\/strong><\/h4>\n\n\n\n<p>Sparkle! Sparkle! Sparkle! C\u0103utai inspira\u021bie? C\u0103utai modele de&nbsp; unghii negre cu sclipici? Sunt cele mai spectaculoase \u0219i versatile variante. A\u0219a po\u021bi ad\u0103uga un vibe glam \u021binutelor tale. Cele mai populare modele sunt cele cu accent nail (sclipici pe o singur\u0103 unghie), gradient, full glitter \u0219i mix and match. Po\u021bi crea \u0219i modele de unghii french negre cu pu\u021bin sclipici la v\u00e2rfuri.<\/p>\n\n\n\n<figure class=\"wp-block-gallery has-nested-images columns-default is-cropped wp-block-gallery-2 is-layout-flex wp-block-gallery-is-layout-flex\">\n<figure class=\"wp-block-image size-large is-style-rounded\"><img loading=\"lazy\" decoding=\"async\" width=\"1024\" height=\"1024\" data-id=\"1750\" src=\"https:\/\/www.tienda.ro\/blog\/wp-content\/uploads\/2025\/10\/photo_2024-03-01_22-34-59-1024x1024.jpg\" alt=\"\" class=\"wp-image-1750\" srcset=\"https:\/\/www.tienda.ro\/blog\/wp-content\/uploads\/2025\/10\/photo_2024-03-01_22-34-59-1024x1024.jpg 1024w, https:\/\/www.tienda.ro\/blog\/wp-content\/uploads\/2025\/10\/photo_2024-03-01_22-34-59-300x300.jpg 300w, https:\/\/www.tienda.ro\/blog\/wp-content\/uploads\/2025\/10\/photo_2024-03-01_22-34-59-150x150.jpg 150w, https:\/\/www.tienda.ro\/blog\/wp-content\/uploads\/2025\/10\/photo_2024-03-01_22-34-59-768x768.jpg 768w, https:\/\/www.tienda.ro\/blog\/wp-content\/uploads\/2025\/10\/photo_2024-03-01_22-34-59.jpg 1128w\" sizes=\"(max-width: 1024px) 100vw, 1024px\" \/><\/figure>\n\n\n\n<figure class=\"wp-block-image size-large is-style-rounded\"><img loading=\"lazy\" decoding=\"async\" width=\"1024\" height=\"1007\" data-id=\"1749\" src=\"https:\/\/www.tienda.ro\/blog\/wp-content\/uploads\/2025\/10\/photo_2024-03-01_22-35-00-1024x1007.jpg\" alt=\"\" class=\"wp-image-1749\" srcset=\"https:\/\/www.tienda.ro\/blog\/wp-content\/uploads\/2025\/10\/photo_2024-03-01_22-35-00-1024x1007.jpg 1024w, https:\/\/www.tienda.ro\/blog\/wp-content\/uploads\/2025\/10\/photo_2024-03-01_22-35-00-300x295.jpg 300w, https:\/\/www.tienda.ro\/blog\/wp-content\/uploads\/2025\/10\/photo_2024-03-01_22-35-00-768x755.jpg 768w, https:\/\/www.tienda.ro\/blog\/wp-content\/uploads\/2025\/10\/photo_2024-03-01_22-35-00.jpg 1280w\" sizes=\"(max-width: 1024px) 100vw, 1024px\" \/><\/figure>\n\n\n\n<figure class=\"wp-block-image size-large is-style-rounded\"><img loading=\"lazy\" decoding=\"async\" width=\"768\" height=\"1024\" data-id=\"1747\" src=\"https:\/\/www.tienda.ro\/blog\/wp-content\/uploads\/2025\/10\/WhatsApp-Image-2025-04-30-at-10.20.16-768x1024.jpeg\" alt=\"\" class=\"wp-image-1747\" srcset=\"https:\/\/www.tienda.ro\/blog\/wp-content\/uploads\/2025\/10\/WhatsApp-Image-2025-04-30-at-10.20.16-768x1024.jpeg 768w, https:\/\/www.tienda.ro\/blog\/wp-content\/uploads\/2025\/10\/WhatsApp-Image-2025-04-30-at-10.20.16-225x300.jpeg 225w, https:\/\/www.tienda.ro\/blog\/wp-content\/uploads\/2025\/10\/WhatsApp-Image-2025-04-30-at-10.20.16-1152x1536.jpeg 1152w, https:\/\/www.tienda.ro\/blog\/wp-content\/uploads\/2025\/10\/WhatsApp-Image-2025-04-30-at-10.20.16.jpeg 1536w\" sizes=\"(max-width: 768px) 100vw, 768px\" \/><\/figure>\n<\/figure>\n\n\n\n<h4 class=\"wp-block-heading\"><strong> Unghii mate<\/strong><\/h4>\n\n\n\n<p>Po\u021bi realiza un model de unghii negre cu finish mat \u2013 defini\u021bia elegan\u021bei minimaliste. Comparativ cu unghiile lucioase, cele mate sunt mai discrete \u0219i pun \u00een eviden\u021b\u0103 accesoriile. Cele mai cerute modele de unghii negre mate sunt cele care con\u021bin glitter, crom \u0219i pietricele.&nbsp;<\/p>\n\n\n\n<figure class=\"wp-block-gallery has-nested-images columns-default is-cropped wp-block-gallery-3 is-layout-flex wp-block-gallery-is-layout-flex\">\n<figure class=\"wp-block-image size-large is-style-rounded\"><img loading=\"lazy\" decoding=\"async\" width=\"768\" height=\"1024\" data-id=\"1740\" src=\"https:\/\/www.tienda.ro\/blog\/wp-content\/uploads\/2025\/10\/WhatsApp-Image-2025-02-17-at-15.18.50-768x1024.jpeg\" alt=\"\" class=\"wp-image-1740\" srcset=\"https:\/\/www.tienda.ro\/blog\/wp-content\/uploads\/2025\/10\/WhatsApp-Image-2025-02-17-at-15.18.50-768x1024.jpeg 768w, https:\/\/www.tienda.ro\/blog\/wp-content\/uploads\/2025\/10\/WhatsApp-Image-2025-02-17-at-15.18.50-225x300.jpeg 225w, https:\/\/www.tienda.ro\/blog\/wp-content\/uploads\/2025\/10\/WhatsApp-Image-2025-02-17-at-15.18.50-1152x1536.jpeg 1152w, https:\/\/www.tienda.ro\/blog\/wp-content\/uploads\/2025\/10\/WhatsApp-Image-2025-02-17-at-15.18.50-1536x2048.jpeg 1536w, https:\/\/www.tienda.ro\/blog\/wp-content\/uploads\/2025\/10\/WhatsApp-Image-2025-02-17-at-15.18.50-scaled.jpeg 1920w\" sizes=\"(max-width: 768px) 100vw, 768px\" \/><\/figure>\n\n\n\n<figure class=\"wp-block-image size-large is-style-rounded\"><img loading=\"lazy\" decoding=\"async\" width=\"768\" height=\"1024\" data-id=\"1739\" src=\"https:\/\/www.tienda.ro\/blog\/wp-content\/uploads\/2025\/10\/WhatsApp-Image-2025-02-17-at-15.18.39-768x1024.jpeg\" alt=\"\" class=\"wp-image-1739\" srcset=\"https:\/\/www.tienda.ro\/blog\/wp-content\/uploads\/2025\/10\/WhatsApp-Image-2025-02-17-at-15.18.39-768x1024.jpeg 768w, https:\/\/www.tienda.ro\/blog\/wp-content\/uploads\/2025\/10\/WhatsApp-Image-2025-02-17-at-15.18.39-225x300.jpeg 225w, https:\/\/www.tienda.ro\/blog\/wp-content\/uploads\/2025\/10\/WhatsApp-Image-2025-02-17-at-15.18.39-1152x1536.jpeg 1152w, https:\/\/www.tienda.ro\/blog\/wp-content\/uploads\/2025\/10\/WhatsApp-Image-2025-02-17-at-15.18.39-1536x2048.jpeg 1536w, https:\/\/www.tienda.ro\/blog\/wp-content\/uploads\/2025\/10\/WhatsApp-Image-2025-02-17-at-15.18.39-scaled.jpeg 1920w\" sizes=\"(max-width: 768px) 100vw, 768px\" \/><\/figure>\n<\/figure>\n\n\n\n<h4 class=\"wp-block-heading\"><strong> Unghii simple <\/strong><\/h4>\n\n\n\n<p>Minimalist\u0103, versatil\u0103, mereu la mod\u0103. A\u0219a putem descrie manichiura simpl\u0103. Chiar dac\u0103 nu au modele, sclipici sau decora\u021biuni, unghiile simple r\u0103m\u00e2n un reper pentru doamnele care apreciaz\u0103 elegan\u021ba. Po\u021bi purta unghii negre simple la birou.&nbsp;<\/p>\n\n\n\n<h4 class=\"wp-block-heading\"><strong> Unghii negre cu auriu<\/strong><\/h4>\n\n\n\n<p>Dac\u0103 vrei s\u0103 transmi\u021bi \u00eencredere \u0219i stil, atunci trebuie s\u0103-\u021bi por\u021bi unghiile a\u0219a! Alege un model de unghii negre cu auriu \u0219i poart\u0103-l la evenimente elegante sau zilnic, \u00een sezonul festiv.&nbsp;<\/p>\n\n\n\n<h4 class=\"wp-block-heading\"><strong>Unghii negre cu argintiu <\/strong><\/h4>\n\n\n\n<p>Argintiul \u00eenseamn\u0103 str\u0103lucire \u2013 o str\u0103lucire rece, futurist\u0103, potrivit\u0103 pentru ocaziile speciale sau pentru \u021binutele de impact, cele pe care le por\u021bi zilnic la birou. Cele mai c\u0103utate modele de unghii negre cu argintiu sunt: french argintiu pe fond negru, linii sub\u021biri \u0219i glitter, ombre negru-argintiu, detalii metalice pe fond negru.&nbsp;<\/p>\n\n\n\n<h4 class=\"wp-block-heading\"><strong> Unghii cu pietre <\/strong><\/h4>\n\n\n\n<p>Te g\u00e2nde\u0219ti la acest efect glamour, feminin \u0219i sofisticat? Poart\u0103 unghii negre cu pietre! Po\u021bi opta pentru un design discret (o singur\u0103 piatr\u0103) sau unul spectaculos (modele complexe cu mai multe pietre). Cele mai c\u0103utate sunt modelele simetrice \u0219i modelele 3D elaborate.&nbsp;<\/p>\n\n\n\n<h4 class=\"wp-block-heading\"><strong> Unghii negre cu ro\u0219u <\/strong><\/h4>\n\n\n\n<p>Por\u021bi <a href=\"https:\/\/www.tienda.ro\/blog\/unghii-rosii\/\">unghii ro\u0219ii<\/a>? Cum ar fi s\u0103 combini aceast\u0103 culoare pasional\u0103 cu intensitatea negrului? Vei ob\u021bine un look misterios \u0219i elegant. Este o alegere excelent\u0103 pentru momentele \u00een care vrei s\u0103 transmi\u021bi \u00eencredere. Po\u021bi alege unul dintre modelele de unghii negre cu ro\u0219u la urm\u0103toarea \u00eent\u00e2lnire de afaceri.&nbsp;<\/p>\n\n\n\n<h4 class=\"wp-block-heading\"><strong> Unghii cu model <\/strong><\/h4>\n\n\n\n<p>\u0218tii care sunt cele mai c\u0103utate modele? Foliile aurii \u0219i argintii, motivele geometrice, desenele tematice, ombre, cat-eye \u0219i magnetic. Foarte bine merg \u0219i liniile sub\u021biri \u2013 albe sau aurii. Aici totul depinde de viziunea ta sau de dorin\u021bele clientelor tale.&nbsp;<\/p>\n\n\n\n<figure class=\"wp-block-gallery has-nested-images columns-default is-cropped wp-block-gallery-4 is-layout-flex wp-block-gallery-is-layout-flex\">\n<figure class=\"wp-block-image size-large is-style-rounded\"><img loading=\"lazy\" decoding=\"async\" width=\"768\" height=\"1024\" data-id=\"1744\" src=\"https:\/\/www.tienda.ro\/blog\/wp-content\/uploads\/2025\/10\/WhatsApp-Image-2025-04-07-at-17.12.52-768x1024.jpeg\" alt=\"\" class=\"wp-image-1744\" srcset=\"https:\/\/www.tienda.ro\/blog\/wp-content\/uploads\/2025\/10\/WhatsApp-Image-2025-04-07-at-17.12.52-768x1024.jpeg 768w, https:\/\/www.tienda.ro\/blog\/wp-content\/uploads\/2025\/10\/WhatsApp-Image-2025-04-07-at-17.12.52-225x300.jpeg 225w, https:\/\/www.tienda.ro\/blog\/wp-content\/uploads\/2025\/10\/WhatsApp-Image-2025-04-07-at-17.12.52-1152x1536.jpeg 1152w, https:\/\/www.tienda.ro\/blog\/wp-content\/uploads\/2025\/10\/WhatsApp-Image-2025-04-07-at-17.12.52-1536x2048.jpeg 1536w, https:\/\/www.tienda.ro\/blog\/wp-content\/uploads\/2025\/10\/WhatsApp-Image-2025-04-07-at-17.12.52-scaled.jpeg 1920w\" sizes=\"(max-width: 768px) 100vw, 768px\" \/><\/figure>\n\n\n\n<figure class=\"wp-block-image size-large is-style-rounded\"><img loading=\"lazy\" decoding=\"async\" width=\"768\" height=\"1024\" data-id=\"1743\" src=\"https:\/\/www.tienda.ro\/blog\/wp-content\/uploads\/2025\/10\/WhatsApp-Image-2025-04-07-at-17.12.52-1-768x1024.jpeg\" alt=\"\" class=\"wp-image-1743\" srcset=\"https:\/\/www.tienda.ro\/blog\/wp-content\/uploads\/2025\/10\/WhatsApp-Image-2025-04-07-at-17.12.52-1-768x1024.jpeg 768w, https:\/\/www.tienda.ro\/blog\/wp-content\/uploads\/2025\/10\/WhatsApp-Image-2025-04-07-at-17.12.52-1-225x300.jpeg 225w, https:\/\/www.tienda.ro\/blog\/wp-content\/uploads\/2025\/10\/WhatsApp-Image-2025-04-07-at-17.12.52-1-1152x1536.jpeg 1152w, https:\/\/www.tienda.ro\/blog\/wp-content\/uploads\/2025\/10\/WhatsApp-Image-2025-04-07-at-17.12.52-1-1536x2048.jpeg 1536w, https:\/\/www.tienda.ro\/blog\/wp-content\/uploads\/2025\/10\/WhatsApp-Image-2025-04-07-at-17.12.52-1-scaled.jpeg 1920w\" sizes=\"(max-width: 768px) 100vw, 768px\" \/><\/figure>\n<\/figure>\n\n\n\n<h4 class=\"wp-block-heading\"><strong> Unghii negre cu albastru <\/strong><\/h4>\n\n\n\n<p>C\u0103utai modele de unghii negre cu albastru? \u00censeamn\u0103 c\u0103 \u00ee\u021bi plac combina\u021biile stylish. De la french-ul modern sau gradient de culori p\u00e2n\u0103 la motive artistice \u0219i accente cu sclipici sau folii speciale. Le po\u021bi \u00eencerca pe toate.&nbsp;<\/p>\n\n\n\n<h4 class=\"wp-block-heading\"><strong>Unghii de Craciun <\/strong><\/h4>\n\n\n\n<p>De Cr\u0103ciun, po\u021bi folosi negrul ca baz\u0103 neutr\u0103 pe care s\u0103 adaugi accente festive \u2013 decora\u021biuni, desene, glitter, fulgi \u0219i pietricele. Nu uita de stelu\u021be \u0219i detalii luminoase! Unghii negre de Cr\u0103ciun? Genial!&nbsp; Acum ai unghii de Cr\u0103ciun negre.<\/p>\n\n\n\n<figure class=\"wp-block-gallery has-nested-images columns-default is-cropped wp-block-gallery-5 is-layout-flex wp-block-gallery-is-layout-flex\">\n<figure class=\"wp-block-image size-large is-style-rounded\"><img loading=\"lazy\" decoding=\"async\" width=\"960\" height=\"960\" data-id=\"1751\" src=\"https:\/\/www.tienda.ro\/blog\/wp-content\/uploads\/2025\/10\/photo_2024-01-04_12-45-41-13.jpg\" alt=\"\" class=\"wp-image-1751\" srcset=\"https:\/\/www.tienda.ro\/blog\/wp-content\/uploads\/2025\/10\/photo_2024-01-04_12-45-41-13.jpg 960w, https:\/\/www.tienda.ro\/blog\/wp-content\/uploads\/2025\/10\/photo_2024-01-04_12-45-41-13-300x300.jpg 300w, https:\/\/www.tienda.ro\/blog\/wp-content\/uploads\/2025\/10\/photo_2024-01-04_12-45-41-13-150x150.jpg 150w, https:\/\/www.tienda.ro\/blog\/wp-content\/uploads\/2025\/10\/photo_2024-01-04_12-45-41-13-768x768.jpg 768w\" sizes=\"(max-width: 960px) 100vw, 960px\" \/><\/figure>\n\n\n\n<figure class=\"wp-block-image size-large is-style-rounded\"><img loading=\"lazy\" decoding=\"async\" width=\"872\" height=\"872\" data-id=\"1753\" src=\"https:\/\/www.tienda.ro\/blog\/wp-content\/uploads\/2025\/10\/photo_2024-01-04_12-45-42-4.jpg\" alt=\"\" class=\"wp-image-1753\" srcset=\"https:\/\/www.tienda.ro\/blog\/wp-content\/uploads\/2025\/10\/photo_2024-01-04_12-45-42-4.jpg 872w, https:\/\/www.tienda.ro\/blog\/wp-content\/uploads\/2025\/10\/photo_2024-01-04_12-45-42-4-300x300.jpg 300w, https:\/\/www.tienda.ro\/blog\/wp-content\/uploads\/2025\/10\/photo_2024-01-04_12-45-42-4-150x150.jpg 150w, https:\/\/www.tienda.ro\/blog\/wp-content\/uploads\/2025\/10\/photo_2024-01-04_12-45-42-4-768x768.jpg 768w\" sizes=\"(max-width: 872px) 100vw, 872px\" \/><\/figure>\n\n\n\n<figure class=\"wp-block-image size-large is-style-rounded\"><img loading=\"lazy\" decoding=\"async\" width=\"960\" height=\"960\" data-id=\"1752\" src=\"https:\/\/www.tienda.ro\/blog\/wp-content\/uploads\/2025\/10\/photo_2024-01-04_12-45-42-2.jpg\" alt=\"\" class=\"wp-image-1752\" srcset=\"https:\/\/www.tienda.ro\/blog\/wp-content\/uploads\/2025\/10\/photo_2024-01-04_12-45-42-2.jpg 960w, https:\/\/www.tienda.ro\/blog\/wp-content\/uploads\/2025\/10\/photo_2024-01-04_12-45-42-2-300x300.jpg 300w, https:\/\/www.tienda.ro\/blog\/wp-content\/uploads\/2025\/10\/photo_2024-01-04_12-45-42-2-150x150.jpg 150w, https:\/\/www.tienda.ro\/blog\/wp-content\/uploads\/2025\/10\/photo_2024-01-04_12-45-42-2-768x768.jpg 768w\" sizes=\"(max-width: 960px) 100vw, 960px\" \/><\/figure>\n<\/figure>\n\n\n\n<h4 class=\"wp-block-heading\"><strong> Unghii de iarn\u0103 <\/strong><\/h4>\n\n\n\n<p>Negrul devine baz\u0103 \u0219i pentru unghiile de iarn\u0103. Unghii cu gel negre cu sclipici, cu fulgi, cu modele care imit\u0103 ghea\u021ba \u0219i alte elemente metalice. Negrul se potrive\u0219te de minune cu sezonul rece. Testeaz\u0103-\u021bi imagina\u021bia!<\/p>\n\n\n\n<h4 class=\"wp-block-heading\"><strong>Unghii de var\u0103 <\/strong><\/h4>\n\n\n\n<p>De regul\u0103, asociem vara cu pasteluri \u0219i culori vii, dar negrul poate fi \u0219i aici o baz\u0103 pentru modele de efect. Po\u021bi purta unghii cu gel french negre cu motive florale \u0219i tropicale, au accente colorate (linii, puncte \u0219i picturi), cu sclipici sau elemente geometrice.&nbsp;<\/p>\n\n\n\n<h4 class=\"wp-block-heading\"><strong> Modele de unghii negre \u00een func\u021bie de lungime \u0219i form\u0103 <\/strong><\/h4>\n\n\n\n<p>Inspira\u021bia nu se termin\u0103 aici. \u021ai-am preg\u0103tit o list\u0103 cu modele \u00een func\u021bie de lungime \u0219i form\u0103. Pentru a le realiza ai nevoie de <a href=\"https:\/\/www.tienda.ro\/238-geluri-uv-3-in-1\">geluri UV 3 in 1<\/a>. Le g\u0103se\u0219ti la noi. Tot la noi \u0219i inspira\u021bia. De la unghii cu gel french negre p\u00e2n\u0103 la modele pline pe forme ascu\u021bite \u0219i extravagante.&nbsp;<\/p>\n\n\n\n<h4 class=\"wp-block-heading\"><strong> Scurte <\/strong><\/h4>\n\n\n\n<p>Exist\u0103 multe modele de unghii negre scurte \u0219i tu nu le-ai \u00eencercat \u00eenc\u0103. Unghiile scurte sunt practice, ideale pentru acele perioade din an \u00een care agenda ta e plin\u0103. Dac\u0103 optezi pentru modele pictate sau aplicate, asigur\u0103-te c\u0103 nu sunt foarte elaborate pentru a nu \u00eenc\u0103rca vizual unghia. Unghiile scurte negre se poart\u0103 mai simple. Po\u021bi purta unghii negre scurte \u00een orice sezon.&nbsp;<\/p>\n\n\n\n<h4 class=\"wp-block-heading\"><strong> Lungi <\/strong><\/h4>\n\n\n\n<p>Dac\u0103 nu ai \u00eencercat p\u00e2n\u0103 acum, s-ar putea s\u0103-\u021bi plac\u0103 \u0219i unghiile negre lungi. \u00ce\u021bi ofer\u0103 mai mult spa\u021biu pentru a crea modele complexe. Gradient? Pietricele? Design artistic? Testeaz\u0103! Experimenteaz\u0103 \u0219i poart\u0103 unghii lungi negre!<\/p>\n\n\n\n<h4 class=\"wp-block-heading\"><strong> P\u0103trate <\/strong><\/h4>\n\n\n\n<p>Ce form\u0103 preferi s\u0103 por\u021bi? Dac\u0103 mizezi pe simplitate, dac\u0103 \u00ee\u021bi place stilul elegant \u0219i e\u0219ti o femeie ocupat\u0103, s-ar putea s\u0103 te atrag\u0103 mai mult unghiile cu gel negre p\u0103trate. Forma p\u0103trat\u0103 pune \u00een eviden\u021b\u0103 negrul. Vei ob\u021bine un aspect sofisticat \u0219i bine \u00eengrijit. \u00cen plus, ai suficient spa\u021biu pentru crea\u021bie. Po\u021bi \u00eencerca o manichiur\u0103 minimalist\u0103 cu detalii fine. Ce model de unghii cu gel negre ai ales pentru azi?<\/p>\n\n\n\n<figure class=\"wp-block-gallery has-nested-images columns-default is-cropped wp-block-gallery-6 is-layout-flex wp-block-gallery-is-layout-flex\">\n<figure class=\"wp-block-image size-large is-style-rounded\"><img loading=\"lazy\" decoding=\"async\" width=\"1024\" height=\"1024\" data-id=\"1737\" src=\"https:\/\/www.tienda.ro\/blog\/wp-content\/uploads\/2025\/10\/WhatsApp-Image-2025-02-17-at-14.52.04-1024x1024.jpeg\" alt=\"\" class=\"wp-image-1737\" srcset=\"https:\/\/www.tienda.ro\/blog\/wp-content\/uploads\/2025\/10\/WhatsApp-Image-2025-02-17-at-14.52.04-1024x1024.jpeg 1024w, https:\/\/www.tienda.ro\/blog\/wp-content\/uploads\/2025\/10\/WhatsApp-Image-2025-02-17-at-14.52.04-300x300.jpeg 300w, https:\/\/www.tienda.ro\/blog\/wp-content\/uploads\/2025\/10\/WhatsApp-Image-2025-02-17-at-14.52.04-150x150.jpeg 150w, https:\/\/www.tienda.ro\/blog\/wp-content\/uploads\/2025\/10\/WhatsApp-Image-2025-02-17-at-14.52.04-768x768.jpeg 768w, https:\/\/www.tienda.ro\/blog\/wp-content\/uploads\/2025\/10\/WhatsApp-Image-2025-02-17-at-14.52.04-1536x1536.jpeg 1536w, https:\/\/www.tienda.ro\/blog\/wp-content\/uploads\/2025\/10\/WhatsApp-Image-2025-02-17-at-14.52.04-2048x2048.jpeg 2048w\" sizes=\"(max-width: 1024px) 100vw, 1024px\" \/><\/figure>\n\n\n\n<figure class=\"wp-block-image size-large is-style-rounded\"><img loading=\"lazy\" decoding=\"async\" width=\"1024\" height=\"1024\" data-id=\"1754\" src=\"https:\/\/www.tienda.ro\/blog\/wp-content\/uploads\/2025\/10\/20240417_130846-1024x1024.jpg\" alt=\"\" class=\"wp-image-1754\" srcset=\"https:\/\/www.tienda.ro\/blog\/wp-content\/uploads\/2025\/10\/20240417_130846-1024x1024.jpg 1024w, https:\/\/www.tienda.ro\/blog\/wp-content\/uploads\/2025\/10\/20240417_130846-300x300.jpg 300w, https:\/\/www.tienda.ro\/blog\/wp-content\/uploads\/2025\/10\/20240417_130846-150x150.jpg 150w, https:\/\/www.tienda.ro\/blog\/wp-content\/uploads\/2025\/10\/20240417_130846-768x768.jpg 768w, https:\/\/www.tienda.ro\/blog\/wp-content\/uploads\/2025\/10\/20240417_130846-1536x1536.jpg 1536w, https:\/\/www.tienda.ro\/blog\/wp-content\/uploads\/2025\/10\/20240417_130846-2048x2048.jpg 2048w\" sizes=\"(max-width: 1024px) 100vw, 1024px\" \/><\/figure>\n\n\n\n<figure class=\"wp-block-image size-large is-style-rounded\"><img loading=\"lazy\" decoding=\"async\" width=\"1024\" height=\"1024\" data-id=\"1736\" src=\"https:\/\/www.tienda.ro\/blog\/wp-content\/uploads\/2025\/10\/WhatsApp-Image-2025-02-17-at-14.55.46-1024x1024.jpeg\" alt=\"\" class=\"wp-image-1736\" srcset=\"https:\/\/www.tienda.ro\/blog\/wp-content\/uploads\/2025\/10\/WhatsApp-Image-2025-02-17-at-14.55.46-1024x1024.jpeg 1024w, https:\/\/www.tienda.ro\/blog\/wp-content\/uploads\/2025\/10\/WhatsApp-Image-2025-02-17-at-14.55.46-300x300.jpeg 300w, https:\/\/www.tienda.ro\/blog\/wp-content\/uploads\/2025\/10\/WhatsApp-Image-2025-02-17-at-14.55.46-150x150.jpeg 150w, https:\/\/www.tienda.ro\/blog\/wp-content\/uploads\/2025\/10\/WhatsApp-Image-2025-02-17-at-14.55.46-768x768.jpeg 768w, https:\/\/www.tienda.ro\/blog\/wp-content\/uploads\/2025\/10\/WhatsApp-Image-2025-02-17-at-14.55.46-1536x1536.jpeg 1536w, https:\/\/www.tienda.ro\/blog\/wp-content\/uploads\/2025\/10\/WhatsApp-Image-2025-02-17-at-14.55.46-2048x2048.jpeg 2048w\" sizes=\"(max-width: 1024px) 100vw, 1024px\" \/><\/figure>\n<\/figure>\n\n\n\n<h4 class=\"wp-block-heading\"><strong> Ascu\u021bite sau stiletto<\/strong><\/h4>\n\n\n\n<p>Simplul pare \u00eenvechit? Poart\u0103 <a href=\"https:\/\/www.tienda.ro\/blog\/unghii-ascutite\/\">unghii ascu\u021bite<\/a> sau unghii stiletto negre! Sunt \u00eendr\u0103zne\u021be, elegante \u0219i puternice. Aceast\u0103 form\u0103 se diferen\u021biaz\u0103 de restul prin v\u00e2rful lung \u0219i ascu\u021bit. Alunge\u0219te vizual degetele \u0219i \u00ee\u021bi permite s\u0103 realizezi modele complexe, cu aplica\u021bii 3D \u0219i alte detalii sofisticate.&nbsp;<\/p>\n\n\n\n<h4 class=\"wp-block-heading\"><strong> French <\/strong><\/h4>\n\n\n\n<p>Trebuie s\u0103 \u00eencerci c\u00e2teva modele de unghii french negre. French-ul se poart\u0103 mai mult ca niciodat\u0103 \u0219i vestea bun\u0103 este c\u0103 poate fi realizat \u00een numeroase combina\u021bii. Unghii french cu baz\u0103 neagr\u0103? Wow, sun\u0103 chiar bine!<\/p>\n\n\n\n<figure class=\"wp-block-gallery has-nested-images columns-default is-cropped wp-block-gallery-7 is-layout-flex wp-block-gallery-is-layout-flex\">\n<figure class=\"wp-block-image size-large is-style-rounded\"><img loading=\"lazy\" decoding=\"async\" width=\"1024\" height=\"1007\" data-id=\"1749\" src=\"https:\/\/www.tienda.ro\/blog\/wp-content\/uploads\/2025\/10\/photo_2024-03-01_22-35-00-1024x1007.jpg\" alt=\"\" class=\"wp-image-1749\" srcset=\"https:\/\/www.tienda.ro\/blog\/wp-content\/uploads\/2025\/10\/photo_2024-03-01_22-35-00-1024x1007.jpg 1024w, https:\/\/www.tienda.ro\/blog\/wp-content\/uploads\/2025\/10\/photo_2024-03-01_22-35-00-300x295.jpg 300w, https:\/\/www.tienda.ro\/blog\/wp-content\/uploads\/2025\/10\/photo_2024-03-01_22-35-00-768x755.jpg 768w, https:\/\/www.tienda.ro\/blog\/wp-content\/uploads\/2025\/10\/photo_2024-03-01_22-35-00.jpg 1280w\" sizes=\"(max-width: 1024px) 100vw, 1024px\" \/><\/figure>\n\n\n\n<figure class=\"wp-block-image size-large is-style-rounded\"><img loading=\"lazy\" decoding=\"async\" width=\"768\" height=\"1024\" data-id=\"1745\" src=\"https:\/\/www.tienda.ro\/blog\/wp-content\/uploads\/2025\/10\/WhatsApp-Image-2025-04-30-at-09.32.33-1-768x1024.jpeg\" alt=\"\" class=\"wp-image-1745\" srcset=\"https:\/\/www.tienda.ro\/blog\/wp-content\/uploads\/2025\/10\/WhatsApp-Image-2025-04-30-at-09.32.33-1-768x1024.jpeg 768w, https:\/\/www.tienda.ro\/blog\/wp-content\/uploads\/2025\/10\/WhatsApp-Image-2025-04-30-at-09.32.33-1-225x300.jpeg 225w, https:\/\/www.tienda.ro\/blog\/wp-content\/uploads\/2025\/10\/WhatsApp-Image-2025-04-30-at-09.32.33-1-1152x1536.jpeg 1152w, https:\/\/www.tienda.ro\/blog\/wp-content\/uploads\/2025\/10\/WhatsApp-Image-2025-04-30-at-09.32.33-1.jpeg 1536w\" sizes=\"(max-width: 768px) 100vw, 768px\" \/><\/figure>\n<\/figure>\n\n\n\n<h4 class=\"wp-block-heading\"><strong> Balerin\u0103 <\/strong><\/h4>\n\n\n\n<p>Ai g\u0103sit un model de unghii cu gel negre, dar nu \u0219tii pe ce form\u0103 se va vedea cel mai bine? Ai purtat vreodat\u0103 <a href=\"https:\/\/www.tienda.ro\/blog\/unghii-balerina\/\">unghii balerin\u0103<\/a>? Se mai numesc \u0219i cofiin nails. Au v\u00e2rfurile late \u0219i u\u0219or drepte, asem\u0103n\u0103toare cu poantele balerinelor. G\u0103se\u0219ti numeroase combina\u021bii care pun negrul \u00een eviden\u021b\u0103.&nbsp;<\/p>\n\n\n\n<h4 class=\"wp-block-heading\"><strong> Rotunde <\/strong><\/h4>\n\n\n\n<p>Ai decis c\u0103 vrei s\u0103 por\u021bi unghii cu gel negre cu auriu? \u00cencearc\u0103 acest model pe unghiile rotunde. Sunt practice \u0219i u\u0219or de \u00eengrijit. Nici nu vei sim\u021bi c\u0103 por\u021bi unghii cu gel.&nbsp;<\/p>\n\n\n\n<h4 class=\"wp-block-heading\"><strong> Migdal\u0103 <\/strong><\/h4>\n\n\n\n<p>Negrul se vede bine \u0219i pe unghiile migdal\u0103. Testeaz\u0103 modelele minimaliste \u0219i descoper\u0103 <a href=\"https:\/\/www.tienda.ro\/blog\/unghii-migdala\/\">alte modele de unghii migdal\u0103<\/a> \u00een articolul dedicat. G\u0103se\u0219ti inspira\u021bie pentru fiecare lun\u0103 a anului. Ai multe op\u021biuni, ai multe idei pe care le po\u021bi testa.&nbsp;<\/p>\n\n\n\n<h2 class=\"wp-block-heading\"><strong> Secrete pentru o manichiur\u0103 cu gel impecabil\u0103 <\/strong><\/h2>\n\n\n\n<p>Preferi gelul clasic sau cau\u021bi <a href=\"https:\/\/www.tienda.ro\/12-tipsuri\">tipsuri unghii<\/a> pentru o manichiur\u0103 de invidiat? \u00cen func\u021bie de forma pe care vrei s\u0103 o ob\u021bii \u0219i de modelul care \u00ee\u021bi place, po\u021bi opta pentru ceea ce te avantajeaz\u0103 mai bine. Unii tehnicieni lucreaz\u0103 mai bine cu tipsuri. Aici totul depinde de tine. Ai citit p\u00e2n\u0103 aici? Parcurge \u0219i lista cu secrete pentru o manichiur\u0103 cu gel de invidiat:&nbsp;<\/p>\n\n\n\n<ul class=\"wp-block-list\">\n<li>Preg\u0103te\u0219te unghiile \u00eenainte, \u00eendep\u0103rt\u00e2nd cuticulele;<\/li>\n\n\n\n<li>Aplic\u0103 gelul corect, \u00een straturi sub\u021biri, f\u0103r\u0103 s\u0103 atingi cuticula;<\/li>\n\n\n\n<li>Respect\u0103 timpul de polimerizare pentru fiecare strat aplicat;<\/li>\n\n\n\n<li>Finiseaz\u0103 cu grij\u0103;\u00a0<\/li>\n\n\n\n<li>\u00cengrije\u0219te-\u021bi unghiile zilnic \u2013 aplic\u0103 ulei de cuticule \u0219i evit\u0103 chimicalele agresive.<\/li>\n<\/ul>\n\n\n\n<p>Ce putem spune la final? Unghiile cu gel negre ofer\u0103 rafinament \u0219i personalitate manichiurii. Sunt ideale \u00een sezonul rece, dar pot fi purtate \u0219i vara. \u00cen plus, ai de unde alege. Exist\u0103 multe variante \u2013 de la cele mai simple p\u00e2n\u0103 la modele cu detalii elaborate. UnghIi cu gel negre cu sclipici? O idee excelent\u0103. Poart\u0103-le la ocazii speciale sau la \u021binutele casual!&nbsp;<\/p>\n","protected":false},"excerpt":{"rendered":"<p>C\u00e2nd ai purtat ultima dat\u0103 unghii negre? Acest tip de manichiur\u0103, c\u00e2ndva un simbol al nonconformismului, a devenit alegerea preferat\u0103 a femeilor care viseaz\u0103 la un look sofisticat. Manichiur\u0103 neagr\u0103 doar pentru ocazii speciale sau doar pentru sezonul rece? \u00ce\u021bi po\u021bi purta unghiile a\u0219a \u00een orice sezon, oric\u00e2nd \u00ee\u021bi dore\u0219ti. \u00cen continuare, vei descoperi 20 [&hellip;]<\/p>\n","protected":false},"author":2,"featured_media":1741,"comment_status":"open","ping_status":"open","sticky":false,"template":"","format":"standard","meta":{"footnotes":""},"categories":[10],"tags":[],"class_list":["post-1731","post","type-post","status-publish","format-standard","has-post-thumbnail","hentry","category-galerie-unghiute"],"_links":{"self":[{"href":"https:\/\/www.tienda.ro\/blog\/wp-json\/wp\/v2\/posts\/1731","targetHints":{"allow":["GET"]}}],"collection":[{"href":"https:\/\/www.tienda.ro\/blog\/wp-json\/wp\/v2\/posts"}],"about":[{"href":"https:\/\/www.tienda.ro\/blog\/wp-json\/wp\/v2\/types\/post"}],"author":[{"embeddable":true,"href":"https:\/\/www.tienda.ro\/blog\/wp-json\/wp\/v2\/users\/2"}],"replies":[{"embeddable":true,"href":"https:\/\/www.tienda.ro\/blog\/wp-json\/wp\/v2\/comments?post=1731"}],"version-history":[{"count":4,"href":"https:\/\/www.tienda.ro\/blog\/wp-json\/wp\/v2\/posts\/1731\/revisions"}],"predecessor-version":[{"id":1757,"href":"https:\/\/www.tienda.ro\/blog\/wp-json\/wp\/v2\/posts\/1731\/revisions\/1757"}],"wp:featuredmedia":[{"embeddable":true,"href":"https:\/\/www.tienda.ro\/blog\/wp-json\/wp\/v2\/media\/1741"}],"wp:attachment":[{"href":"https:\/\/www.tienda.ro\/blog\/wp-json\/wp\/v2\/media?parent=1731"}],"wp:term":[{"taxonomy":"category","embeddable":true,"href":"https:\/\/www.tienda.ro\/blog\/wp-json\/wp\/v2\/categories?post=1731"},{"taxonomy":"post_tag","embeddable":true,"href":"https:\/\/www.tienda.ro\/blog\/wp-json\/wp\/v2\/tags?post=1731"}],"curies":[{"name":"wp","href":"https:\/\/api.w.org\/{rel}","templated":true}]}}