{"id":1725,"date":"2025-09-10T11:50:16","date_gmt":"2025-09-10T11:50:16","guid":{"rendered":"https:\/\/www.tienda.ro\/blog\/?p=1725"},"modified":"2025-10-25T17:47:30","modified_gmt":"2025-10-25T17:47:30","slug":"cele-mai-frumoase-modele-de-unghii-scurte","status":"publish","type":"post","link":"https:\/\/www.tienda.ro\/blog\/cele-mai-frumoase-modele-de-unghii-scurte\/","title":{"rendered":"Cele mai frumoase modele de unghii scurte pe care trebuie sa le \u00eencerci"},"content":{"rendered":"\n<h2 class=\"wp-block-heading\"><br><strong>De ce sunt at\u00e2t de apreciate unghiile scurte cu gel? <\/strong><\/h2>\n\n\n\n<p>Unghiile scurte sunt populare pentru c\u0103 au un farmec aparte. Nu sunt plictisitoare \u2013 sunt practice \u0219i sofisticate. Totul depinde de model. De fapt, dac\u0103 \u00ee\u021bi dore\u0219ti s\u0103 g\u0103se\u0219ti un echilibru \u00eentre func\u021bionalitate \u0219i utilitate ai un singur r\u0103spuns \u2013 unghii scurte. Sunt apreciate pentru c\u0103 ofer\u0103 un aspect \u00eengrijit \u0219i modern m\u00e2inilor, f\u0103r\u0103 a incomoda activit\u0103\u021bile fizice. Sunt confortabile \u0219i versatile, ideale pentru femeile cu un stil de via\u021b\u0103 setat pe modul \u201erepede \u00eenainte\u201d. \u00cenc\u0103 ceva: sunt durabile. Trebuie doar s\u0103 alegi materiale rezistente. G\u0103se\u0219ti <a href=\"https:\/\/www.tienda.ro\/491-acrylgel\">acrylgel \u0219i polygel<\/a> la noi pe site.&nbsp;<\/p>\n\n\n\n<figure class=\"wp-block-gallery has-nested-images columns-default is-cropped wp-block-gallery-1 is-layout-flex wp-block-gallery-is-layout-flex\">\n<figure class=\"wp-block-image size-large is-style-rounded\"><img fetchpriority=\"high\" decoding=\"async\" width=\"768\" height=\"1024\" data-id=\"1689\" src=\"https:\/\/www.tienda.ro\/blog\/wp-content\/uploads\/2025\/08\/WhatsApp-Image-2025-07-28-at-10.16.56-4-768x1024.jpeg\" alt=\"\" class=\"wp-image-1689\" srcset=\"https:\/\/www.tienda.ro\/blog\/wp-content\/uploads\/2025\/08\/WhatsApp-Image-2025-07-28-at-10.16.56-4-768x1024.jpeg 768w, https:\/\/www.tienda.ro\/blog\/wp-content\/uploads\/2025\/08\/WhatsApp-Image-2025-07-28-at-10.16.56-4-225x300.jpeg 225w, https:\/\/www.tienda.ro\/blog\/wp-content\/uploads\/2025\/08\/WhatsApp-Image-2025-07-28-at-10.16.56-4-1152x1536.jpeg 1152w, https:\/\/www.tienda.ro\/blog\/wp-content\/uploads\/2025\/08\/WhatsApp-Image-2025-07-28-at-10.16.56-4.jpeg 1536w\" sizes=\"(max-width: 768px) 100vw, 768px\" \/><\/figure>\n\n\n\n<figure class=\"wp-block-image size-large is-style-rounded\"><img decoding=\"async\" width=\"768\" height=\"1024\" data-id=\"1709\" src=\"https:\/\/www.tienda.ro\/blog\/wp-content\/uploads\/2025\/08\/WhatsApp-Image-2025-07-28-at-10.23.52-2-768x1024.jpeg\" alt=\"\" class=\"wp-image-1709\" srcset=\"https:\/\/www.tienda.ro\/blog\/wp-content\/uploads\/2025\/08\/WhatsApp-Image-2025-07-28-at-10.23.52-2-768x1024.jpeg 768w, https:\/\/www.tienda.ro\/blog\/wp-content\/uploads\/2025\/08\/WhatsApp-Image-2025-07-28-at-10.23.52-2-225x300.jpeg 225w, https:\/\/www.tienda.ro\/blog\/wp-content\/uploads\/2025\/08\/WhatsApp-Image-2025-07-28-at-10.23.52-2-1152x1536.jpeg 1152w, https:\/\/www.tienda.ro\/blog\/wp-content\/uploads\/2025\/08\/WhatsApp-Image-2025-07-28-at-10.23.52-2.jpeg 1500w\" sizes=\"(max-width: 768px) 100vw, 768px\" \/><\/figure>\n\n\n\n<figure class=\"wp-block-image size-large is-style-rounded\"><img decoding=\"async\" width=\"768\" height=\"1024\" data-id=\"1711\" src=\"https:\/\/www.tienda.ro\/blog\/wp-content\/uploads\/2025\/08\/WhatsApp-Image-2025-07-28-at-10.23.54-768x1024.jpeg\" alt=\"\" class=\"wp-image-1711\" srcset=\"https:\/\/www.tienda.ro\/blog\/wp-content\/uploads\/2025\/08\/WhatsApp-Image-2025-07-28-at-10.23.54-768x1024.jpeg 768w, https:\/\/www.tienda.ro\/blog\/wp-content\/uploads\/2025\/08\/WhatsApp-Image-2025-07-28-at-10.23.54-225x300.jpeg 225w, https:\/\/www.tienda.ro\/blog\/wp-content\/uploads\/2025\/08\/WhatsApp-Image-2025-07-28-at-10.23.54-1152x1536.jpeg 1152w, https:\/\/www.tienda.ro\/blog\/wp-content\/uploads\/2025\/08\/WhatsApp-Image-2025-07-28-at-10.23.54.jpeg 1500w\" sizes=\"(max-width: 768px) 100vw, 768px\" \/><\/figure>\n<\/figure>\n\n\n\n<h2 class=\"wp-block-heading\"><strong> La ce ocazii se poart\u0103 unghiile scurte?<\/strong><\/h2>\n\n\n\n<p>Ocazii? Nu ai nevoie de ocazii speciale pentru a purta un model de unghii scurte. Poart\u0103-\u021bi unghiile a\u0219a c\u00e2nd dore\u0219ti, fie c\u0103 mergi la birou, la un eveniment elegant, \u00een vacan\u021b\u0103 sau, pur \u0219i simplu, vrei s\u0103 te sim\u021bi bine \u00een pielea ta. Secretul lor? Echilibrul. Ai confort \u0219i frumuse\u021be, indiferent de moment.&nbsp;<\/p>\n\n\n\n<h2 class=\"wp-block-heading\"><strong> Cele mai c\u0103utate modele de unghii scurte cu gel <\/strong><\/h2>\n\n\n\n<p>Care e stilul t\u0103u? Cum \u00ee\u021bi place s\u0103 te por\u021bi? Fie c\u0103 vrei s\u0103 ie\u0219i \u00een eviden\u021b\u0103 ori s\u0103 p\u0103strezi discre\u021bia, g\u0103se\u0219ti modele de unghii cu gel scurte chiar aici, \u00een articolul nostru. \u021ai-am preg\u0103tit o list\u0103 cu cele mai c\u0103utate modele \u2013 de la modele de unghii de var\u0103 scurte p\u00e2n\u0103 la alte modele de unghii cu gel simple scurte.<\/p>\n\n\n\n<h4 class=\"wp-block-heading\"><strong>Unghii de var\u0103<\/strong><\/h4>\n\n\n\n<p>Culori vibrante, design-uri juc\u0103u\u0219e, accente luminoase, flori \u0219i detalii marine \u2013 toate sunt \u00een centrul aten\u021biei atunci c\u00e2nd soarele se scald\u0103 \u00een valurile calde ale m\u0103rii. Cele mai apreciate modele de unghii de var\u0103 scurte sunt cele inspirate din natur\u0103, din ritmul festivalurilor de la malul m\u0103rii, din vacan\u021be \u0219i seri petrecute la teras\u0103. Se poart\u0103 nuan\u021be de corai, turcoaz galben solar \u0219i roz aprins.&nbsp;<\/p>\n\n\n\n<h4 class=\"wp-block-heading\"><strong> Unghii de toamn\u0103 <\/strong><\/h4>\n\n\n\n<p>Frunze ar\u0103mii, ploi lini\u0219tite, inspira\u021bie, un mood special \u0219i parc\u0103 ar merge bine o cafea. E toamn\u0103 \u0219i te po\u021bi inspira din paleta ei cromatic\u0103. Poart\u0103 unghii cu gel simple scurte, \u00een nuan\u021be calde \u0219i intense: burgundy, verde \u00eenchis, ciocolatiu sau alte nuan\u021be p\u0103m\u00e2ntii. La mare c\u0103utare sunt modelele cu accente aurii, cu bronz, cele cu design geometric sau cu frunze stilizate. Po\u021bi \u00eencerca tonuri \u00eenchise \u0219i v\u00e2rfuri metalizate. Po\u021bi purta unghii de toamn\u0103 scurte \u00een nuan\u021be de nude, alb l\u0103ptos sau negru. Unghii nud scurte? Da, te rog.<\/p>\n\n\n\n<figure class=\"wp-block-gallery has-nested-images columns-default is-cropped wp-block-gallery-2 is-layout-flex wp-block-gallery-is-layout-flex\">\n<figure class=\"wp-block-image size-large is-style-rounded\"><img loading=\"lazy\" decoding=\"async\" width=\"992\" height=\"991\" data-id=\"1415\" src=\"https:\/\/www.tienda.ro\/blog\/wp-content\/uploads\/2024\/12\/WhatsApp-Image-2024-01-19-at-11.32.04-AM.jpeg\" alt=\"\" class=\"wp-image-1415\" srcset=\"https:\/\/www.tienda.ro\/blog\/wp-content\/uploads\/2024\/12\/WhatsApp-Image-2024-01-19-at-11.32.04-AM.jpeg 992w, https:\/\/www.tienda.ro\/blog\/wp-content\/uploads\/2024\/12\/WhatsApp-Image-2024-01-19-at-11.32.04-AM-300x300.jpeg 300w, https:\/\/www.tienda.ro\/blog\/wp-content\/uploads\/2024\/12\/WhatsApp-Image-2024-01-19-at-11.32.04-AM-150x150.jpeg 150w, https:\/\/www.tienda.ro\/blog\/wp-content\/uploads\/2024\/12\/WhatsApp-Image-2024-01-19-at-11.32.04-AM-768x767.jpeg 768w\" sizes=\"(max-width: 992px) 100vw, 992px\" \/><\/figure>\n\n\n\n<figure class=\"wp-block-image size-large is-style-rounded\"><img loading=\"lazy\" decoding=\"async\" width=\"1024\" height=\"1024\" data-id=\"1407\" src=\"https:\/\/www.tienda.ro\/blog\/wp-content\/uploads\/2024\/12\/WhatsApp-Image-2024-10-31-at-10.47.03-1-1024x1024.jpeg\" alt=\"\" class=\"wp-image-1407\" srcset=\"https:\/\/www.tienda.ro\/blog\/wp-content\/uploads\/2024\/12\/WhatsApp-Image-2024-10-31-at-10.47.03-1-1024x1024.jpeg 1024w, https:\/\/www.tienda.ro\/blog\/wp-content\/uploads\/2024\/12\/WhatsApp-Image-2024-10-31-at-10.47.03-1-300x300.jpeg 300w, https:\/\/www.tienda.ro\/blog\/wp-content\/uploads\/2024\/12\/WhatsApp-Image-2024-10-31-at-10.47.03-1-150x150.jpeg 150w, https:\/\/www.tienda.ro\/blog\/wp-content\/uploads\/2024\/12\/WhatsApp-Image-2024-10-31-at-10.47.03-1-768x768.jpeg 768w, https:\/\/www.tienda.ro\/blog\/wp-content\/uploads\/2024\/12\/WhatsApp-Image-2024-10-31-at-10.47.03-1.jpeg 1536w\" sizes=\"(max-width: 1024px) 100vw, 1024px\" \/><\/figure>\n\n\n\n<figure class=\"wp-block-image size-large is-style-rounded\"><img loading=\"lazy\" decoding=\"async\" width=\"768\" height=\"1024\" data-id=\"1402\" src=\"https:\/\/www.tienda.ro\/blog\/wp-content\/uploads\/2024\/12\/photo_2023-11-14_09-26-48-1-768x1024.jpg\" alt=\"\" class=\"wp-image-1402\" srcset=\"https:\/\/www.tienda.ro\/blog\/wp-content\/uploads\/2024\/12\/photo_2023-11-14_09-26-48-1-768x1024.jpg 768w, https:\/\/www.tienda.ro\/blog\/wp-content\/uploads\/2024\/12\/photo_2023-11-14_09-26-48-1-225x300.jpg 225w, https:\/\/www.tienda.ro\/blog\/wp-content\/uploads\/2024\/12\/photo_2023-11-14_09-26-48-1.jpg 960w\" sizes=\"(max-width: 768px) 100vw, 768px\" \/><\/figure>\n<\/figure>\n\n\n\n<h4 class=\"wp-block-heading\"><strong> Unghii de prim\u0103var\u0103 <\/strong><\/h4>\n\n\n\n<p>E momentul s\u0103-\u021bi \u00eenvesele\u0219ti manichiura! Cau\u021bi un model de unghii scurte cu gel? Se poart\u0103 nuan\u021bele pastelate \u2013 roz pudrat, lavand\u0103, bleu ciel sau verde ment\u0103. Se poart\u0103 nuan\u021bele care transmit prospe\u021bime, optimism \u0219i romantism. Modelele florale sunt cele mai \u00eendr\u0103gite. Finish lucios sau mat? \u00cencearc\u0103-le pe am\u00e2ndou\u0103!<\/p>\n\n\n\n<h4 class=\"wp-block-heading\"><strong>Unghii de iarn\u0103 <\/strong><\/h4>\n\n\n\n<p>Elegan\u021b\u0103 \u0219i str\u0103lucire. Acestea sunt notele pe care le aduce iarna. \u00cen sezonul rece se poart\u0103 culorile intense: verde smarald, gri metalizat, albastru marin \u0219i facem mereu loc pentru clasicul ro\u0219u intens. Unghii ro\u0219ii scurte? Da, \u00een orice sezon. Detaliile argintii, glitterul \u0219i fulgii delica\u021bi fac parte din poveste. Alege design-urile speciale atunci c\u00e2nd por\u021bi unghii cu gel scurte.<\/p>\n\n\n\n<h4 class=\"wp-block-heading\"><strong> Unghii simple <\/strong><\/h4>\n\n\n\n<p>Nu e at\u00e2t de simplu! Ba da, e. \u00ce\u021bi po\u021bi purta unghiile simple. R\u0103m\u00e2i misterioas\u0103 \u00een fiecare zi. R\u0103m\u00e2i a\u0219a cum e\u0219ti \u2013 discret\u0103, elegant\u0103 \u0219i feminin\u0103. Cele care apreciaz\u0103 simplitatea prefer\u0103 s\u0103 aleag\u0103 unul dintre modelele de unghii semipermanente scurte. Sunt u\u0219or de purtat \u0219i de \u00eengrijit.&nbsp;<\/p>\n\n\n\n<h4 class=\"wp-block-heading\"><strong> Unghii nude <\/strong><\/h4>\n\n\n\n<p>Manichiura nude \u00eenseamn\u0103 elegan\u021b\u0103, discre\u021bie \u0219i rafinament. Ob\u021bii un look \u00eengrijit, natural \u0219i versatil. Alege unul dintre modelele de unghii nud scurte \u0219i bucur\u0103-te de fiecare zi, fie c\u0103 faci slalom printre activit\u0103\u021bile de rutin\u0103 sau mergi la un eveniment special. Te ajut\u0103 \u0219i paleta cromatic\u0103. Bej cald, cappuccino sau latte?<\/p>\n\n\n\n<figure class=\"wp-block-gallery has-nested-images columns-default is-cropped wp-block-gallery-3 is-layout-flex wp-block-gallery-is-layout-flex\">\n<figure class=\"wp-block-image size-large is-style-rounded\"><img loading=\"lazy\" decoding=\"async\" width=\"800\" height=\"800\" data-id=\"1358\" src=\"https:\/\/www.tienda.ro\/blog\/wp-content\/uploads\/2024\/12\/photo_2023-11-14_09-30-30.jpg\" alt=\"\" class=\"wp-image-1358\" srcset=\"https:\/\/www.tienda.ro\/blog\/wp-content\/uploads\/2024\/12\/photo_2023-11-14_09-30-30.jpg 800w, https:\/\/www.tienda.ro\/blog\/wp-content\/uploads\/2024\/12\/photo_2023-11-14_09-30-30-300x300.jpg 300w, https:\/\/www.tienda.ro\/blog\/wp-content\/uploads\/2024\/12\/photo_2023-11-14_09-30-30-150x150.jpg 150w, https:\/\/www.tienda.ro\/blog\/wp-content\/uploads\/2024\/12\/photo_2023-11-14_09-30-30-768x768.jpg 768w\" sizes=\"(max-width: 800px) 100vw, 800px\" \/><\/figure>\n\n\n\n<figure class=\"wp-block-image size-large is-style-rounded\"><img loading=\"lazy\" decoding=\"async\" width=\"960\" height=\"960\" data-id=\"1265\" src=\"https:\/\/www.tienda.ro\/blog\/wp-content\/uploads\/2024\/12\/photo_2024-03-17_21-17-00.jpg\" alt=\"\" class=\"wp-image-1265\" srcset=\"https:\/\/www.tienda.ro\/blog\/wp-content\/uploads\/2024\/12\/photo_2024-03-17_21-17-00.jpg 960w, https:\/\/www.tienda.ro\/blog\/wp-content\/uploads\/2024\/12\/photo_2024-03-17_21-17-00-300x300.jpg 300w, https:\/\/www.tienda.ro\/blog\/wp-content\/uploads\/2024\/12\/photo_2024-03-17_21-17-00-150x150.jpg 150w, https:\/\/www.tienda.ro\/blog\/wp-content\/uploads\/2024\/12\/photo_2024-03-17_21-17-00-768x768.jpg 768w\" sizes=\"(max-width: 960px) 100vw, 960px\" \/><\/figure>\n\n\n\n<figure class=\"wp-block-image size-large is-style-rounded\"><img loading=\"lazy\" decoding=\"async\" width=\"960\" height=\"960\" data-id=\"1361\" src=\"https:\/\/www.tienda.ro\/blog\/wp-content\/uploads\/2024\/12\/photo_2024-03-17_21-16-59-6.jpg\" alt=\"\" class=\"wp-image-1361\" srcset=\"https:\/\/www.tienda.ro\/blog\/wp-content\/uploads\/2024\/12\/photo_2024-03-17_21-16-59-6.jpg 960w, https:\/\/www.tienda.ro\/blog\/wp-content\/uploads\/2024\/12\/photo_2024-03-17_21-16-59-6-300x300.jpg 300w, https:\/\/www.tienda.ro\/blog\/wp-content\/uploads\/2024\/12\/photo_2024-03-17_21-16-59-6-150x150.jpg 150w, https:\/\/www.tienda.ro\/blog\/wp-content\/uploads\/2024\/12\/photo_2024-03-17_21-16-59-6-768x768.jpg 768w\" sizes=\"(max-width: 960px) 100vw, 960px\" \/><\/figure>\n<\/figure>\n\n\n\n<h4 class=\"wp-block-heading\"><strong> Unghii negre <\/strong><\/h4>\n\n\n\n<p>Po\u021bi purta unghii scurte cu gel oric\u00e2nd. \u0218tii deja c\u0103 sunt versatile, c\u0103 sunt deosebite. \u00cen plus, le po\u021bi purta \u0219i negre. Le po\u021bi purta simple pentru un look elegant sau cu accente metalice dac\u0103 vrei s\u0103 ob\u021bii un plus de personalitate, s\u0103 fii mai extra.&nbsp;<\/p>\n\n\n\n<figure class=\"wp-block-gallery has-nested-images columns-default is-cropped wp-block-gallery-4 is-layout-flex wp-block-gallery-is-layout-flex\">\n<figure class=\"wp-block-image size-large is-style-rounded\"><img loading=\"lazy\" decoding=\"async\" width=\"960\" height=\"960\" data-id=\"1242\" src=\"https:\/\/www.tienda.ro\/blog\/wp-content\/uploads\/2024\/12\/photo_2024-08-08_12-28-29-3.jpg\" alt=\"\" class=\"wp-image-1242\" srcset=\"https:\/\/www.tienda.ro\/blog\/wp-content\/uploads\/2024\/12\/photo_2024-08-08_12-28-29-3.jpg 960w, https:\/\/www.tienda.ro\/blog\/wp-content\/uploads\/2024\/12\/photo_2024-08-08_12-28-29-3-300x300.jpg 300w, https:\/\/www.tienda.ro\/blog\/wp-content\/uploads\/2024\/12\/photo_2024-08-08_12-28-29-3-150x150.jpg 150w, https:\/\/www.tienda.ro\/blog\/wp-content\/uploads\/2024\/12\/photo_2024-08-08_12-28-29-3-768x768.jpg 768w\" sizes=\"(max-width: 960px) 100vw, 960px\" \/><\/figure>\n\n\n\n<figure class=\"wp-block-image size-large is-style-rounded\"><img loading=\"lazy\" decoding=\"async\" width=\"1024\" height=\"1024\" data-id=\"1230\" src=\"https:\/\/www.tienda.ro\/blog\/wp-content\/uploads\/2024\/12\/20231221_105123-1024x1024.jpg\" alt=\"\" class=\"wp-image-1230\" srcset=\"https:\/\/www.tienda.ro\/blog\/wp-content\/uploads\/2024\/12\/20231221_105123-1024x1024.jpg 1024w, https:\/\/www.tienda.ro\/blog\/wp-content\/uploads\/2024\/12\/20231221_105123-300x300.jpg 300w, https:\/\/www.tienda.ro\/blog\/wp-content\/uploads\/2024\/12\/20231221_105123-150x150.jpg 150w, https:\/\/www.tienda.ro\/blog\/wp-content\/uploads\/2024\/12\/20231221_105123-768x768.jpg 768w, https:\/\/www.tienda.ro\/blog\/wp-content\/uploads\/2024\/12\/20231221_105123-1536x1536.jpg 1536w, https:\/\/www.tienda.ro\/blog\/wp-content\/uploads\/2024\/12\/20231221_105123-2048x2048.jpg 2048w\" sizes=\"(max-width: 1024px) 100vw, 1024px\" \/><\/figure>\n<\/figure>\n\n\n\n<h4 class=\"wp-block-heading\"><strong> Unghii ro\u0219ii<\/strong><\/h4>\n\n\n\n<p>Ro\u0219ul arat\u0103 fabulos pe unghiile tale, chiar \u0219i atunci c\u00e2nd le por\u021bi scurte. Po\u021bi opta pentru modele de unghii scurte cu gel simple sau cu diferite aplica\u021bii, cu linii de accent, cu glitter \u0219i alte elemente de design. Ro\u0219ul \u00eenseamn\u0103 pasiune \u0219i feminitate. \u00cel po\u021bi purta oric\u00e2nd.&nbsp;<\/p>\n\n\n\n<figure class=\"wp-block-gallery has-nested-images columns-default is-cropped wp-block-gallery-5 is-layout-flex wp-block-gallery-is-layout-flex\">\n<figure class=\"wp-block-image size-large is-style-rounded\"><img loading=\"lazy\" decoding=\"async\" width=\"1024\" height=\"1024\" data-id=\"1587\" src=\"https:\/\/www.tienda.ro\/blog\/wp-content\/uploads\/2025\/04\/WhatsApp-Image-2024-05-01-at-8.55.12-PM-2-1024x1024.jpeg\" alt=\"\" class=\"wp-image-1587\" srcset=\"https:\/\/www.tienda.ro\/blog\/wp-content\/uploads\/2025\/04\/WhatsApp-Image-2024-05-01-at-8.55.12-PM-2-1024x1024.jpeg 1024w, https:\/\/www.tienda.ro\/blog\/wp-content\/uploads\/2025\/04\/WhatsApp-Image-2024-05-01-at-8.55.12-PM-2-300x300.jpeg 300w, https:\/\/www.tienda.ro\/blog\/wp-content\/uploads\/2025\/04\/WhatsApp-Image-2024-05-01-at-8.55.12-PM-2-150x150.jpeg 150w, https:\/\/www.tienda.ro\/blog\/wp-content\/uploads\/2025\/04\/WhatsApp-Image-2024-05-01-at-8.55.12-PM-2-768x768.jpeg 768w, https:\/\/www.tienda.ro\/blog\/wp-content\/uploads\/2025\/04\/WhatsApp-Image-2024-05-01-at-8.55.12-PM-2.jpeg 1246w\" sizes=\"(max-width: 1024px) 100vw, 1024px\" \/><\/figure>\n\n\n\n<figure class=\"wp-block-image size-large is-style-rounded\"><img loading=\"lazy\" decoding=\"async\" width=\"960\" height=\"960\" data-id=\"1263\" src=\"https:\/\/www.tienda.ro\/blog\/wp-content\/uploads\/2024\/12\/photo_2024-01-04_12-45-42-8.jpg\" alt=\"\" class=\"wp-image-1263\" srcset=\"https:\/\/www.tienda.ro\/blog\/wp-content\/uploads\/2024\/12\/photo_2024-01-04_12-45-42-8.jpg 960w, https:\/\/www.tienda.ro\/blog\/wp-content\/uploads\/2024\/12\/photo_2024-01-04_12-45-42-8-300x300.jpg 300w, https:\/\/www.tienda.ro\/blog\/wp-content\/uploads\/2024\/12\/photo_2024-01-04_12-45-42-8-150x150.jpg 150w, https:\/\/www.tienda.ro\/blog\/wp-content\/uploads\/2024\/12\/photo_2024-01-04_12-45-42-8-768x768.jpg 768w\" sizes=\"(max-width: 960px) 100vw, 960px\" \/><\/figure>\n\n\n\n<figure class=\"wp-block-image size-large is-style-rounded\"><img loading=\"lazy\" decoding=\"async\" width=\"720\" height=\"720\" data-id=\"1241\" src=\"https:\/\/www.tienda.ro\/blog\/wp-content\/uploads\/2024\/12\/photo_2024-05-16_13-01-16-3.jpg\" alt=\"\" class=\"wp-image-1241\" srcset=\"https:\/\/www.tienda.ro\/blog\/wp-content\/uploads\/2024\/12\/photo_2024-05-16_13-01-16-3.jpg 720w, https:\/\/www.tienda.ro\/blog\/wp-content\/uploads\/2024\/12\/photo_2024-05-16_13-01-16-3-300x300.jpg 300w, https:\/\/www.tienda.ro\/blog\/wp-content\/uploads\/2024\/12\/photo_2024-05-16_13-01-16-3-150x150.jpg 150w\" sizes=\"(max-width: 720px) 100vw, 720px\" \/><\/figure>\n<\/figure>\n\n\n\n<h4 class=\"wp-block-heading\"><strong>Unghii albe <\/strong><\/h4>\n\n\n\n<p>Poate cau\u021bi un model de unghii mici care s\u0103-\u021bi eviden\u021bieze simplitatea \u0219i naturale\u021bea? Opteaz\u0103 pentru alb. Unghii albe ofer\u0103 un aspect curat, \u00eengrijit \u0219i versatil. Se potrivesc cu \u021binutele zilnice \u0219i cu cele sofisticate, se potrivesc cu stilul t\u0103u de via\u021b\u0103. Albul este delicat prin simplitate.&nbsp;<\/p>\n\n\n\n<h4 class=\"wp-block-heading\"><strong> Unghii vi\u0219inii <\/strong><\/h4>\n\n\n\n<p>Poate vrei s\u0103 alegi unul dintre cele mai apreciate modele de unghii scurte vi\u0219inii. Sunt potrivite sezonului rece, atunci c\u00e2nd cau\u021bi un look care s\u0103 se potriveasc\u0103 cu decorul, dar nu este o regul\u0103. Tu po\u021bi alege vi\u0219iniul oric\u00e2nd.<\/p>\n\n\n\n<h4 class=\"wp-block-heading\"><strong> Unghii colorate <\/strong><\/h4>\n\n\n\n<p>Nu uit\u0103m de culori \u0219i de cele care vor s\u0103 experimenteze, s\u0103 aduc\u0103 un strop de veselie zilelor agitate. Culorile vibrante aduc energie \u0219i personalitate, sunt fresh \u0219i se poart\u0103 \u00een orice sezon. Alege culoarea care te inspir\u0103 \u0219i nu uita de confort!&nbsp;<\/p>\n\n\n\n<h4 class=\"wp-block-heading\"><strong> Unghii elegante <\/strong><\/h4>\n\n\n\n<p>Pentru elegan\u021b\u0103 po\u021bi alege clasicele nude, ro\u0219u, alb sau vi\u0219iniu. \u00cencearc\u0103 albul l\u0103ptos! E la mare c\u0103utare acum. Unghiile elegante sunt ideale pentru evenimentele speciale sau pentru via\u021ba de zi cu zi, atunci c\u00e2nd rutina presupune \u00eent\u00e2lniri de afaceri pe band\u0103 rulant\u0103.&nbsp;<\/p>\n\n\n\n<h2 class=\"wp-block-heading\"><strong> Modele de unghii scurte \u00een func\u021bie de form\u0103 <\/strong><\/h2>\n\n\n\n<p>Po\u021bi ob\u021bine forma dorit\u0103 doar dac\u0103 alegi <a href=\"https:\/\/www.tienda.ro\/234-geluri-uv-constructie\">geluri UV de construc\u021bie<\/a> rezistente. Un gel de calitate \u00ee\u021bi permite s\u0103 creezi forme precise \u0219i sus\u021bine modelele complexe. Mai jos c\u00e2teva exemple \u2013 de la clasica form\u0103 rotund\u0103 p\u00e2n\u0103 la unghii migdal\u0103 scurte \u0219i cele mai \u00eendr\u0103gite modele de unghii balerin\u0103 scurte.&nbsp;<\/p>\n\n\n\n<h4 class=\"wp-block-heading\"><strong> Modele de unghii rotunde <\/strong><\/h4>\n\n\n\n<p>Modelele de unghii scurte rotunde se potrivesc tuturor tipurilor de m\u00e2ini \u0219i se realizeaz\u0103 u\u0219or. Aspectul rotunjit eman\u0103 un look natural, armonios. Le po\u021bi purta oric\u00e2nd \u2013 la evenimente speciale sau \u00een via\u021ba de zi cu zi.&nbsp;<\/p>\n\n\n\n<h4 class=\"wp-block-heading\"><strong>Modele de unghii p\u0103trate <\/strong><\/h4>\n\n\n\n<p>\u00ce\u021bi este la \u00eendem\u00e2n\u0103 s\u0103 por\u021bi unghii scurte p\u0103trate. Sunt u\u0219or de realizat \u0219i, cel mai important, ofer\u0103 o baz\u0103 excelent\u0103 pentru modelele la care visezi \u2013 simple, extravagante, \u00een culori pastelate, cumin\u021bi sau intense.&nbsp;<\/p>\n\n\n\n<h4 class=\"wp-block-heading\"><strong> Modele de unghii french <\/strong><\/h4>\n\n\n\n<p>\u00ce\u021bi plac unghiile slim scurte? Ce spui de french? Acest stil va r\u0103m\u00e2ne mereu \u00een tendin\u021be. Clasic sau colorat, \u00ee\u021bi va fi al\u0103turi \u00een fiecare zi. Ce zici? \u00cencerci french luna aceasta?<\/p>\n\n\n\n<h4 class=\"wp-block-heading\"><strong> Modele de unghii migdal\u0103 <\/strong><\/h4>\n\n\n\n<p>Po\u021bi purta unghii migdal\u0103 scurte \u00een orice context. Aceast\u0103 form\u0103 alunge\u0219te vizual degetele \u0219i ofer\u0103 un aspect feminin, rafinat, fix a\u0219a cum \u00ee\u021bi dore\u0219ti. \u00cen plus, aceast\u0103 baz\u0103 \u00ee\u021bi permite s\u0103 experimentezi. S\u0103 explorezi modele diverse. Vezi alte <a href=\"https:\/\/www.tienda.ro\/blog\/unghii-migdala\/\">modele de unghii migdal\u0103<\/a> \u00een articolul nostru.&nbsp;<\/p>\n\n\n\n<h4 class=\"wp-block-heading\"><strong> Modele de unghii stiletto <\/strong><\/h4>\n\n\n\n<p>Ce \u0219tii despre <a href=\"https:\/\/www.tienda.ro\/blog\/unghii-ascutite\/\">\u00eengrijirea unghiilor ascu\u021bite<\/a>? Unghiile stiletto sunt speciale. Aceast\u0103 form\u0103 alungit\u0103, cu v\u00e2rf u\u0219or ascu\u021bit ofer\u0103 un aspect modern, ideal pentru femeile creative, pentru cele care iubesc s\u0103 se poarte a\u0219a cum sugereaz\u0103 tendin\u021bele. Asigur\u0103-te c\u0103 \u0219tii cum s\u0103 p\u0103strezi aceast\u0103 form\u0103!<\/p>\n\n\n\n<h4 class=\"wp-block-heading\"><strong>Modele de unghii balerin\u0103 <\/strong><\/h4>\n\n\n\n<p>Feminitate \u0219i minimalism. Po\u021bi alege unul dintre modelele de unghii balerina scurte \u0219i \u00eel po\u021bi purta \u00een diferite contexte. French simplu, french reinterpretat, nuan\u021be pastelate, modele delicate, accente de glitter \u2013 sunt doar c\u00e2teva idei. Toate se potrivesc acestei forme. Vezi <a href=\"https:\/\/www.tienda.ro\/blog\/unghii-balerina\/\">mai multe modele de unghii balerin\u0103<\/a>.&nbsp;<\/p>\n\n\n\n<h2 class=\"wp-block-heading\"><strong> Modele de unghii scurte pentru diverse ocazii <\/strong><\/h2>\n\n\n\n<figure class=\"wp-block-gallery has-nested-images columns-default is-cropped wp-block-gallery-6 is-layout-flex wp-block-gallery-is-layout-flex\">\n<figure class=\"wp-block-image size-large is-style-rounded\"><img loading=\"lazy\" decoding=\"async\" width=\"576\" height=\"1024\" data-id=\"1713\" src=\"https:\/\/www.tienda.ro\/blog\/wp-content\/uploads\/2025\/08\/WhatsApp-Image-2025-07-28-at-12.14.59-576x1024.jpeg\" alt=\"\" class=\"wp-image-1713\" srcset=\"https:\/\/www.tienda.ro\/blog\/wp-content\/uploads\/2025\/08\/WhatsApp-Image-2025-07-28-at-12.14.59-576x1024.jpeg 576w, https:\/\/www.tienda.ro\/blog\/wp-content\/uploads\/2025\/08\/WhatsApp-Image-2025-07-28-at-12.14.59-169x300.jpeg 169w, https:\/\/www.tienda.ro\/blog\/wp-content\/uploads\/2025\/08\/WhatsApp-Image-2025-07-28-at-12.14.59-768x1365.jpeg 768w, https:\/\/www.tienda.ro\/blog\/wp-content\/uploads\/2025\/08\/WhatsApp-Image-2025-07-28-at-12.14.59-864x1536.jpeg 864w, https:\/\/www.tienda.ro\/blog\/wp-content\/uploads\/2025\/08\/WhatsApp-Image-2025-07-28-at-12.14.59-1152x2048.jpeg 1152w, https:\/\/www.tienda.ro\/blog\/wp-content\/uploads\/2025\/08\/WhatsApp-Image-2025-07-28-at-12.14.59-scaled.jpeg 1440w\" sizes=\"(max-width: 576px) 100vw, 576px\" \/><\/figure>\n\n\n\n<figure class=\"wp-block-image size-large is-style-rounded\"><img loading=\"lazy\" decoding=\"async\" width=\"768\" height=\"1024\" data-id=\"1710\" src=\"https:\/\/www.tienda.ro\/blog\/wp-content\/uploads\/2025\/08\/WhatsApp-Image-2025-07-28-at-10.23.52-768x1024.jpeg\" alt=\"\" class=\"wp-image-1710\" srcset=\"https:\/\/www.tienda.ro\/blog\/wp-content\/uploads\/2025\/08\/WhatsApp-Image-2025-07-28-at-10.23.52-768x1024.jpeg 768w, https:\/\/www.tienda.ro\/blog\/wp-content\/uploads\/2025\/08\/WhatsApp-Image-2025-07-28-at-10.23.52-225x300.jpeg 225w, https:\/\/www.tienda.ro\/blog\/wp-content\/uploads\/2025\/08\/WhatsApp-Image-2025-07-28-at-10.23.52-1152x1536.jpeg 1152w, https:\/\/www.tienda.ro\/blog\/wp-content\/uploads\/2025\/08\/WhatsApp-Image-2025-07-28-at-10.23.52.jpeg 1500w\" sizes=\"(max-width: 768px) 100vw, 768px\" \/><\/figure>\n\n\n\n<figure class=\"wp-block-image size-large is-style-rounded\"><img loading=\"lazy\" decoding=\"async\" width=\"803\" height=\"802\" data-id=\"1258\" src=\"https:\/\/www.tienda.ro\/blog\/wp-content\/uploads\/2024\/12\/photo_2024-03-17_21-17-00-6.jpg\" alt=\"\" class=\"wp-image-1258\" srcset=\"https:\/\/www.tienda.ro\/blog\/wp-content\/uploads\/2024\/12\/photo_2024-03-17_21-17-00-6.jpg 803w, https:\/\/www.tienda.ro\/blog\/wp-content\/uploads\/2024\/12\/photo_2024-03-17_21-17-00-6-300x300.jpg 300w, https:\/\/www.tienda.ro\/blog\/wp-content\/uploads\/2024\/12\/photo_2024-03-17_21-17-00-6-150x150.jpg 150w, https:\/\/www.tienda.ro\/blog\/wp-content\/uploads\/2024\/12\/photo_2024-03-17_21-17-00-6-768x767.jpg 768w\" sizes=\"(max-width: 803px) 100vw, 803px\" \/><\/figure>\n<\/figure>\n\n\n\n<p>Cau\u021bi modele de unghii scurte semipermanente? Ai aici sursa de inspira\u021bie \u2013 modele \u00eendr\u0103gite pentru diverse ocazii.<\/p>\n\n\n\n<h4 class=\"wp-block-heading\"><strong> Unghii de mireas\u0103 scurte <\/strong><\/h4>\n\n\n\n<p>Exist\u0103 multe <a href=\"https:\/\/www.tienda.ro\/blog\/idei-unghii-albe-pentru-ocazii-speciale\/\">modele unghii albe pentru ocazii speciale<\/a>. Te po\u021bi inspira din articolul nostru. Forma scurt\u0103 ofer\u0103 confort \u0219i naturale\u021be \u2013 o sensibilitate apare, specific\u0103 acestui moment. Cele mai populare variante, cele care se potrivesc cu toate tipurile de rochii sunt nuan\u021bele de alb l\u0103ptos \u0219i roz pal, combinate cu detalii fine.&nbsp;<\/p>\n\n\n\n<h4 class=\"wp-block-heading\"><strong> Unghii scurte de Cr\u0103ciun <\/strong><\/h4>\n\n\n\n<p>Sezonul festiv nu poate \u00eencepe p\u00e2n\u0103 nu \u00ee\u021bi faci programare la unghii. E un must! Tot un must este s\u0103 alegi modele care \u00ee\u021bi fac inima s\u0103 danseze printre fulgii de z\u0103pad\u0103. Inspir\u0103-te din atmosfera feeric\u0103 \u0219i nu uita c\u0103 se poart\u0103 ro\u0219ul intens \u0219i detaliile cu glitter!<\/p>\n\n\n\n<h2 class=\"wp-block-heading\"><strong> \u00cengrijirea unghiilor scurte cu gel <\/strong><\/h2>\n\n\n\n<p>Chiar dac\u0103 sunt scurte, unghiile tale au nevoie de aten\u021bie. O rutin\u0103 corect\u0103 le men\u021bine frumoase mult timp. Folose\u0219te ulei de cuticule \u0219i crem\u0103 nutritiv\u0103 pentru m\u00e2ini. Evit\u0103 contactul cu detergen\u021bi sau substan\u021be agresive \u2013 po\u021bi purta m\u0103nu\u0219i c\u00e2nd faci cur\u0103\u021benie. Nu uita de \u00eentre\u021binerea regulat\u0103 la salon!&nbsp;<\/p>\n\n\n\n<h4 class=\"wp-block-heading\"><strong> Produse profesionale pentru \u00eengrijirea unghiilor<\/strong><\/h4>\n\n\n\n<p>Cau\u021bi <a href=\"https:\/\/www.tienda.ro\/216-lichide-tehnice\">produse profesionale pentru unghii<\/a>? Scurte sau lungi, unghiile tale sau unghiile clientelor tale vor rezista p\u00e2n\u0103 la urm\u0103toarea programare doar dac\u0103 alegi produse de calitate \u2013 u\u0219or de aplicat \u0219i de \u00eendep\u0103rtat, prietenoase cu unghia natural\u0103, spectaculoase, \u00een ambalaj cochet.&nbsp;<\/p>\n\n\n\n<p>Unghiile scurte cu gel sunt practice, elegante \u0219i versatile. Se potrivesc oric\u0103rui stil, deci nu conteaz\u0103 ce vrei s\u0103 por\u021bi ast\u0103zi. Unghii slim scurte? Alte modele de unghii semipermanente scurte? Experimenteaz\u0103! Exprim\u0103-te a\u0219a cum \u00ee\u021bi dore\u0219ti \u0219i las\u0103 manichiura s\u0103-\u021bi completeze \u021binuta! G\u0103se\u0219ti produsele preferate la noi pe site.&nbsp;<\/p>\n","protected":false},"excerpt":{"rendered":"<p>De ce sunt at\u00e2t de apreciate unghiile scurte cu gel? Unghiile scurte sunt populare pentru c\u0103 au un farmec aparte. Nu sunt plictisitoare \u2013 sunt practice \u0219i sofisticate. Totul depinde de model. De fapt, dac\u0103 \u00ee\u021bi dore\u0219ti s\u0103 g\u0103se\u0219ti un echilibru \u00eentre func\u021bionalitate \u0219i utilitate ai un singur r\u0103spuns \u2013 unghii scurte. Sunt apreciate pentru [&hellip;]<\/p>\n","protected":false},"author":2,"featured_media":1257,"comment_status":"open","ping_status":"open","sticky":false,"template":"","format":"standard","meta":{"footnotes":""},"categories":[10,7],"tags":[],"class_list":["post-1725","post","type-post","status-publish","format-standard","has-post-thumbnail","hentry","category-galerie-unghiute","category-informatii-generale-despre-unghiute"],"_links":{"self":[{"href":"https:\/\/www.tienda.ro\/blog\/wp-json\/wp\/v2\/posts\/1725","targetHints":{"allow":["GET"]}}],"collection":[{"href":"https:\/\/www.tienda.ro\/blog\/wp-json\/wp\/v2\/posts"}],"about":[{"href":"https:\/\/www.tienda.ro\/blog\/wp-json\/wp\/v2\/types\/post"}],"author":[{"embeddable":true,"href":"https:\/\/www.tienda.ro\/blog\/wp-json\/wp\/v2\/users\/2"}],"replies":[{"embeddable":true,"href":"https:\/\/www.tienda.ro\/blog\/wp-json\/wp\/v2\/comments?post=1725"}],"version-history":[{"count":3,"href":"https:\/\/www.tienda.ro\/blog\/wp-json\/wp\/v2\/posts\/1725\/revisions"}],"predecessor-version":[{"id":1728,"href":"https:\/\/www.tienda.ro\/blog\/wp-json\/wp\/v2\/posts\/1725\/revisions\/1728"}],"wp:featuredmedia":[{"embeddable":true,"href":"https:\/\/www.tienda.ro\/blog\/wp-json\/wp\/v2\/media\/1257"}],"wp:attachment":[{"href":"https:\/\/www.tienda.ro\/blog\/wp-json\/wp\/v2\/media?parent=1725"}],"wp:term":[{"taxonomy":"category","embeddable":true,"href":"https:\/\/www.tienda.ro\/blog\/wp-json\/wp\/v2\/categories?post=1725"},{"taxonomy":"post_tag","embeddable":true,"href":"https:\/\/www.tienda.ro\/blog\/wp-json\/wp\/v2\/tags?post=1725"}],"curies":[{"name":"wp","href":"https:\/\/api.w.org\/{rel}","templated":true}]}}