{"id":1674,"date":"2025-08-05T10:03:40","date_gmt":"2025-08-05T10:03:40","guid":{"rendered":"https:\/\/www.tienda.ro\/blog\/?p=1674"},"modified":"2025-08-05T10:03:42","modified_gmt":"2025-08-05T10:03:42","slug":"cele-mai-frumoase-modele-de-unghii-roz","status":"publish","type":"post","link":"https:\/\/www.tienda.ro\/blog\/cele-mai-frumoase-modele-de-unghii-roz\/","title":{"rendered":"\u00a0Cele mai frumoase modele de unghii roz"},"content":{"rendered":"\n<p>Ai nevoie de pu\u021bin roz \u00een via\u021ba ta? Sigur c\u0103 ai. E delicat, feminin \u0219i se potrive\u0219te cu starea ta de spirit \u2013 mereu atent\u0103 la tot ceea ce por\u021bi, mereu tu. C\u00e2nd ai avut ultima dat\u0103 unghii roz? Dac\u0103 a trecut ceva timp, atunci acest articol este memento-ul t\u0103u.<\/p>\n\n\n\n<p> Descoper\u0103, din r\u00e2ndurile urm\u0103toare, cum alegi nuan\u021ba de roz potrivit\u0103 \u00een func\u021bie de sezon \u0219i care sunt modelele \u00een tendin\u021be. Cite\u0219te-l p\u00e2n\u0103 la final pentru a-\u021bi g\u0103si inspira\u021bia! <\/p>\n\n\n\n<h2 class=\"wp-block-heading\"><strong> De ce unghiile roz r\u0103m\u00e2n mereu \u00een tendin\u021be? <\/strong><\/h2>\n\n\n\n<figure class=\"wp-block-gallery has-nested-images columns-default is-cropped wp-block-gallery-1 is-layout-flex wp-block-gallery-is-layout-flex\">\n<figure class=\"wp-block-image size-large is-style-rounded\"><img fetchpriority=\"high\" decoding=\"async\" width=\"768\" height=\"1024\" data-id=\"1680\" src=\"https:\/\/www.tienda.ro\/blog\/wp-content\/uploads\/2025\/08\/WhatsApp-Image-2025-07-28-at-10.16.55-6-768x1024.jpeg\" alt=\"\" class=\"wp-image-1680\" srcset=\"https:\/\/www.tienda.ro\/blog\/wp-content\/uploads\/2025\/08\/WhatsApp-Image-2025-07-28-at-10.16.55-6-768x1024.jpeg 768w, https:\/\/www.tienda.ro\/blog\/wp-content\/uploads\/2025\/08\/WhatsApp-Image-2025-07-28-at-10.16.55-6-225x300.jpeg 225w, https:\/\/www.tienda.ro\/blog\/wp-content\/uploads\/2025\/08\/WhatsApp-Image-2025-07-28-at-10.16.55-6-1152x1536.jpeg 1152w, https:\/\/www.tienda.ro\/blog\/wp-content\/uploads\/2025\/08\/WhatsApp-Image-2025-07-28-at-10.16.55-6.jpeg 1536w\" sizes=\"(max-width: 768px) 100vw, 768px\" \/><\/figure>\n\n\n\n<figure class=\"wp-block-image size-large is-style-rounded\"><img decoding=\"async\" width=\"577\" height=\"1024\" data-id=\"1676\" src=\"https:\/\/www.tienda.ro\/blog\/wp-content\/uploads\/2025\/08\/WhatsApp-Image-2025-07-28-at-10.15.57-1-577x1024.jpeg\" alt=\"\" class=\"wp-image-1676\" srcset=\"https:\/\/www.tienda.ro\/blog\/wp-content\/uploads\/2025\/08\/WhatsApp-Image-2025-07-28-at-10.15.57-1-577x1024.jpeg 577w, https:\/\/www.tienda.ro\/blog\/wp-content\/uploads\/2025\/08\/WhatsApp-Image-2025-07-28-at-10.15.57-1-169x300.jpeg 169w, https:\/\/www.tienda.ro\/blog\/wp-content\/uploads\/2025\/08\/WhatsApp-Image-2025-07-28-at-10.15.57-1-768x1364.jpeg 768w, https:\/\/www.tienda.ro\/blog\/wp-content\/uploads\/2025\/08\/WhatsApp-Image-2025-07-28-at-10.15.57-1-865x1536.jpeg 865w, https:\/\/www.tienda.ro\/blog\/wp-content\/uploads\/2025\/08\/WhatsApp-Image-2025-07-28-at-10.15.57-1.jpeg 1126w\" sizes=\"(max-width: 577px) 100vw, 577px\" \/><\/figure>\n\n\n\n<figure class=\"wp-block-image size-large is-style-rounded\"><img decoding=\"async\" width=\"768\" height=\"1024\" data-id=\"1698\" src=\"https:\/\/www.tienda.ro\/blog\/wp-content\/uploads\/2025\/08\/WhatsApp-Image-2025-07-28-at-10.17.05-768x1024.jpeg\" alt=\"\" class=\"wp-image-1698\" srcset=\"https:\/\/www.tienda.ro\/blog\/wp-content\/uploads\/2025\/08\/WhatsApp-Image-2025-07-28-at-10.17.05-768x1024.jpeg 768w, https:\/\/www.tienda.ro\/blog\/wp-content\/uploads\/2025\/08\/WhatsApp-Image-2025-07-28-at-10.17.05-225x300.jpeg 225w, https:\/\/www.tienda.ro\/blog\/wp-content\/uploads\/2025\/08\/WhatsApp-Image-2025-07-28-at-10.17.05-1152x1536.jpeg 1152w, https:\/\/www.tienda.ro\/blog\/wp-content\/uploads\/2025\/08\/WhatsApp-Image-2025-07-28-at-10.17.05.jpeg 1536w\" sizes=\"(max-width: 768px) 100vw, 768px\" \/><\/figure>\n<\/figure>\n\n\n\n<p>\u0218tii ce \u00eenseamn\u0103 atemporal? Ceva care r\u0103m\u00e2ne actual, indiferent de tendin\u021be. R\u0103m\u00e2ne mereu \u00een vog\u0103, indiferent de timp \u0219i timpuri. Atemporal este \u0219i rozul. Nu zice nimeni c\u0103 trebuie s\u0103 por\u021bi roz bombon, de\u0219i s-ar putea s\u0103-\u021bi sur\u00e2d\u0103 ideea la un festival sau \u00een vacan\u021b\u0103.&nbsp;<\/p>\n\n\n\n<p>Aceast\u0103 culoare simbolizeaz\u0103 feminitatea, prospe\u021bimea \u0219i rafinamentul, adapt\u00e2ndu-se rapid look-ului pe care \u00eel por\u021bi \u2013 de la cel romantic ori sofisticat p\u00e2n\u0103 la cel catchy, stylish cu o doz\u0103 de nebunie.&nbsp;<\/p>\n\n\n\n<p>Este o alegere bun\u0103 indiferent de v\u00e2rst\u0103 sau de eveniment, ceea ce \u00eel pozi\u021bioneaz\u0103 \u00een topul preferin\u021belor \u00een materie de beauty. Tocmai versatilitatea acestei culori face s\u0103 r\u0103m\u00e2n\u0103 mereu \u00een tendin\u021be.<\/p>\n\n\n\n<h2 class=\"wp-block-heading\"><strong> Ce nuan\u021b\u0103 de roz \u021bi se potrive\u0219te \u00een func\u021bie de tonul pielii? <\/strong><\/h2>\n\n\n\n<p>\u00ce\u021bi sur\u00e2de ideea de a purta unghii cu gel roz? S\u0103 \u0219tii c\u0103 alegerea nuan\u021bei \u021bine de tonul pielii. Dac\u0103 ai un ten deschis la culoare cu subtonuri reci, \u021bi se potrivesc nuan\u021bele de roz pal sau roz pudrat. De altfel, dac\u0103 ai o piele cu ton cald, \u021bi se potrivesc mai mult nuan\u021bele de roz piersic\u0103, roz coral sau somon.&nbsp;<\/p>\n\n\n\n<p>Ai pielea \u00eenchis\u0103 la culoare? Alege nuan\u021be intense \u2013 fucsia, neon sau roz cu reflexe de mov. Cumva, tu trebuie s\u0103 optezi pentru un contrast subtil.<\/p>\n\n\n\n<h2 class=\"wp-block-heading\"><strong> Cum alegi nuan\u021ba de roz \u00een func\u021bie de sezon? <\/strong><\/h2>\n\n\n\n<p>Fie iarn\u0103, fie var\u0103, unghiile trebuie s\u0103 te reprezinte \u2013 de la form\u0103 \u0219i lungime, p\u00e2n\u0103 la culoare \u0219i model. Sezonul influen\u021beaz\u0103 mult alegerea nuan\u021bei. C\u00e2nd e cazul s\u0103 optezi pentru modele de unghii roz \u00eenchis \u0219i c\u00e2nd sunt ideale modele roz deschis? Iat\u0103 cele 4 direc\u021bii de care trebuie s\u0103 \u021bii cont:<\/p>\n\n\n\n<p>\u00b7 &nbsp; &nbsp; &nbsp; Prim\u0103vara po\u021bi alege tonuri pastelate \u0219i delicate &#8211; unghii roz pal sau piersic\u0103;<\/p>\n\n\n\n<p>\u00b7 &nbsp; &nbsp; &nbsp; Vara ar fi bine s\u0103 optezi pentru nuan\u021be vii, \u00eendr\u0103zne\u021be &#8211; unghii roz neon sau fucsia;<\/p>\n\n\n\n<p>\u00b7 &nbsp; &nbsp; &nbsp; Toamna se poart\u0103 nuan\u021bele p\u0103m\u00e2ntii sau simple \u2013 roz trandafiriu sau roz nude;<\/p>\n\n\n\n<p>\u00b7 &nbsp; &nbsp; &nbsp; Iarna ne mai domolim, deci ai putea alege modele de unghii roz pudrat sau unghii roz pal cu sclipici sau f\u0103r\u0103.<\/p>\n\n\n\n<figure class=\"wp-block-gallery has-nested-images columns-default is-cropped wp-block-gallery-2 is-layout-flex wp-block-gallery-is-layout-flex\">\n<figure class=\"wp-block-image size-large is-style-rounded\"><img loading=\"lazy\" decoding=\"async\" width=\"768\" height=\"1024\" data-id=\"1683\" src=\"https:\/\/www.tienda.ro\/blog\/wp-content\/uploads\/2025\/08\/WhatsApp-Image-2025-07-28-at-10.16.55-9-768x1024.jpeg\" alt=\"\" class=\"wp-image-1683\" srcset=\"https:\/\/www.tienda.ro\/blog\/wp-content\/uploads\/2025\/08\/WhatsApp-Image-2025-07-28-at-10.16.55-9-768x1024.jpeg 768w, https:\/\/www.tienda.ro\/blog\/wp-content\/uploads\/2025\/08\/WhatsApp-Image-2025-07-28-at-10.16.55-9-225x300.jpeg 225w, https:\/\/www.tienda.ro\/blog\/wp-content\/uploads\/2025\/08\/WhatsApp-Image-2025-07-28-at-10.16.55-9-1152x1536.jpeg 1152w, https:\/\/www.tienda.ro\/blog\/wp-content\/uploads\/2025\/08\/WhatsApp-Image-2025-07-28-at-10.16.55-9.jpeg 1536w\" sizes=\"(max-width: 768px) 100vw, 768px\" \/><\/figure>\n\n\n\n<figure class=\"wp-block-image size-large is-style-rounded\"><img loading=\"lazy\" decoding=\"async\" width=\"768\" height=\"1024\" data-id=\"1678\" src=\"https:\/\/www.tienda.ro\/blog\/wp-content\/uploads\/2025\/08\/WhatsApp-Image-2025-07-28-at-10.16.54-3-768x1024.jpeg\" alt=\"\" class=\"wp-image-1678\" srcset=\"https:\/\/www.tienda.ro\/blog\/wp-content\/uploads\/2025\/08\/WhatsApp-Image-2025-07-28-at-10.16.54-3-768x1024.jpeg 768w, https:\/\/www.tienda.ro\/blog\/wp-content\/uploads\/2025\/08\/WhatsApp-Image-2025-07-28-at-10.16.54-3-225x300.jpeg 225w, https:\/\/www.tienda.ro\/blog\/wp-content\/uploads\/2025\/08\/WhatsApp-Image-2025-07-28-at-10.16.54-3-1152x1536.jpeg 1152w, https:\/\/www.tienda.ro\/blog\/wp-content\/uploads\/2025\/08\/WhatsApp-Image-2025-07-28-at-10.16.54-3.jpeg 1536w\" sizes=\"(max-width: 768px) 100vw, 768px\" \/><\/figure>\n\n\n\n<figure class=\"wp-block-image size-large is-style-rounded\"><img loading=\"lazy\" decoding=\"async\" width=\"576\" height=\"1024\" data-id=\"1675\" src=\"https:\/\/www.tienda.ro\/blog\/wp-content\/uploads\/2025\/08\/WhatsApp-Image-2025-07-28-at-10.15.56-2-576x1024.jpeg\" alt=\"\" class=\"wp-image-1675\" srcset=\"https:\/\/www.tienda.ro\/blog\/wp-content\/uploads\/2025\/08\/WhatsApp-Image-2025-07-28-at-10.15.56-2-576x1024.jpeg 576w, https:\/\/www.tienda.ro\/blog\/wp-content\/uploads\/2025\/08\/WhatsApp-Image-2025-07-28-at-10.15.56-2-169x300.jpeg 169w, https:\/\/www.tienda.ro\/blog\/wp-content\/uploads\/2025\/08\/WhatsApp-Image-2025-07-28-at-10.15.56-2-768x1365.jpeg 768w, https:\/\/www.tienda.ro\/blog\/wp-content\/uploads\/2025\/08\/WhatsApp-Image-2025-07-28-at-10.15.56-2-864x1536.jpeg 864w, https:\/\/www.tienda.ro\/blog\/wp-content\/uploads\/2025\/08\/WhatsApp-Image-2025-07-28-at-10.15.56-2.jpeg 1148w\" sizes=\"(max-width: 576px) 100vw, 576px\" \/><\/figure>\n<\/figure>\n\n\n\n<h2 class=\"wp-block-heading\"><strong> Modele de unghii cu gel \u00een nuan\u021be deschise de roz <\/strong><\/h2>\n\n\n\n<p>Exist\u0103 o mul\u021bime de modele de unghii roz, deci o mul\u021bime de posibilit\u0103\u021bi pentru tine \u0219i manichiura ta. \u00cencepem cu tonurile deschise, cu cele care inspir\u0103 elegan\u021b\u0103 \u0219i naturale\u021be \u2013 cu cele pe care le prefer\u0103 mare parte din femei. Sunt ideale pentru orice sezon \u0219i se potrivesc diferitelor stiluri vestimentare. Pentru mai mult\u0103 inspira\u021bie, curaj \u0219i idei de actualitate, po\u021bi accesa blogul nostru. Aici<a href=\"https:\/\/www.tienda.ro\/blog\/modele-unghii-cu-ge\"> vezi mai multe modele de unghii cu gel<\/a>.<\/p>\n\n\n\n<h4 class=\"wp-block-heading\"><strong> Modele roz pal <\/strong><\/h4>\n\n\n\n<p>Dac\u0103 vrei s\u0103 por\u021bi unghii roz simple, \u00eenseamn\u0103 c\u0103 petreci mai tot timpul la birou, la \u00eent\u00e2lniri formale, \u00eenseamn\u0103 c\u0103 te por\u021bi elegant \u0219i preferi stilul discret. Rozul pal \u021bi se potrive\u0219te de minune. Poate fi purtat simplu, cu un luciu transparent sau poate fi completat cu detalii discrete \u2013 pietricele mici pe o unghie, dungi albe \u0219i sub\u021biri \u00een col\u021buri, fundi\u021be pe o unghie etc.<\/p>\n\n\n\n<figure class=\"wp-block-gallery has-nested-images columns-default is-cropped wp-block-gallery-3 is-layout-flex wp-block-gallery-is-layout-flex\">\n<figure class=\"wp-block-image size-large is-style-rounded\"><img loading=\"lazy\" decoding=\"async\" width=\"768\" height=\"1024\" data-id=\"1714\" src=\"https:\/\/www.tienda.ro\/blog\/wp-content\/uploads\/2025\/08\/WhatsApp-Image-2025-07-28-at-12.15.00-768x1024.jpeg\" alt=\"\" class=\"wp-image-1714\" srcset=\"https:\/\/www.tienda.ro\/blog\/wp-content\/uploads\/2025\/08\/WhatsApp-Image-2025-07-28-at-12.15.00-768x1024.jpeg 768w, https:\/\/www.tienda.ro\/blog\/wp-content\/uploads\/2025\/08\/WhatsApp-Image-2025-07-28-at-12.15.00-225x300.jpeg 225w, https:\/\/www.tienda.ro\/blog\/wp-content\/uploads\/2025\/08\/WhatsApp-Image-2025-07-28-at-12.15.00-1152x1536.jpeg 1152w, https:\/\/www.tienda.ro\/blog\/wp-content\/uploads\/2025\/08\/WhatsApp-Image-2025-07-28-at-12.15.00-1536x2048.jpeg 1536w, https:\/\/www.tienda.ro\/blog\/wp-content\/uploads\/2025\/08\/WhatsApp-Image-2025-07-28-at-12.15.00-scaled.jpeg 1920w\" sizes=\"(max-width: 768px) 100vw, 768px\" \/><\/figure>\n\n\n\n<figure class=\"wp-block-image size-large is-style-rounded\"><img loading=\"lazy\" decoding=\"async\" width=\"576\" height=\"1024\" data-id=\"1713\" src=\"https:\/\/www.tienda.ro\/blog\/wp-content\/uploads\/2025\/08\/WhatsApp-Image-2025-07-28-at-12.14.59-576x1024.jpeg\" alt=\"\" class=\"wp-image-1713\" srcset=\"https:\/\/www.tienda.ro\/blog\/wp-content\/uploads\/2025\/08\/WhatsApp-Image-2025-07-28-at-12.14.59-576x1024.jpeg 576w, https:\/\/www.tienda.ro\/blog\/wp-content\/uploads\/2025\/08\/WhatsApp-Image-2025-07-28-at-12.14.59-169x300.jpeg 169w, https:\/\/www.tienda.ro\/blog\/wp-content\/uploads\/2025\/08\/WhatsApp-Image-2025-07-28-at-12.14.59-768x1365.jpeg 768w, https:\/\/www.tienda.ro\/blog\/wp-content\/uploads\/2025\/08\/WhatsApp-Image-2025-07-28-at-12.14.59-864x1536.jpeg 864w, https:\/\/www.tienda.ro\/blog\/wp-content\/uploads\/2025\/08\/WhatsApp-Image-2025-07-28-at-12.14.59-1152x2048.jpeg 1152w, https:\/\/www.tienda.ro\/blog\/wp-content\/uploads\/2025\/08\/WhatsApp-Image-2025-07-28-at-12.14.59-scaled.jpeg 1440w\" sizes=\"(max-width: 576px) 100vw, 576px\" \/><\/figure>\n\n\n\n<figure class=\"wp-block-image size-large is-style-rounded\"><img loading=\"lazy\" decoding=\"async\" width=\"576\" height=\"1024\" data-id=\"1700\" src=\"https:\/\/www.tienda.ro\/blog\/wp-content\/uploads\/2025\/08\/WhatsApp-Image-2025-07-28-at-10.23.43-576x1024.jpeg\" alt=\"\" class=\"wp-image-1700\" srcset=\"https:\/\/www.tienda.ro\/blog\/wp-content\/uploads\/2025\/08\/WhatsApp-Image-2025-07-28-at-10.23.43-576x1024.jpeg 576w, https:\/\/www.tienda.ro\/blog\/wp-content\/uploads\/2025\/08\/WhatsApp-Image-2025-07-28-at-10.23.43-169x300.jpeg 169w, https:\/\/www.tienda.ro\/blog\/wp-content\/uploads\/2025\/08\/WhatsApp-Image-2025-07-28-at-10.23.43-768x1365.jpeg 768w, https:\/\/www.tienda.ro\/blog\/wp-content\/uploads\/2025\/08\/WhatsApp-Image-2025-07-28-at-10.23.43-864x1536.jpeg 864w, https:\/\/www.tienda.ro\/blog\/wp-content\/uploads\/2025\/08\/WhatsApp-Image-2025-07-28-at-10.23.43.jpeg 1148w\" sizes=\"(max-width: 576px) 100vw, 576px\" \/><\/figure>\n<\/figure>\n\n\n\n<h4 class=\"wp-block-heading\"><strong> Modele de unghii roz pudrat <\/strong><\/h4>\n\n\n\n<p>\u00ce\u021bi place rozul pudrat? Este o nuan\u021b\u0103 modern\u0103 \u0219i sofisticat\u0103, care eman\u0103 rafinament \u0219i, poate greu de crezut, maturitate. Po\u021bi combina rozul pudrat cu accente metalice sau cu efectul de marmur\u0103. De obicei, este ales de mirese sau de cele care particip\u0103 la evenimente formale, de\u0219i r\u0103m\u00e2ne o op\u021biune ideal\u0103 pentru manichiura zilnic\u0103. Tu \u021bi-ai face unghii roz pudra?<\/p>\n\n\n\n<h4 class=\"wp-block-heading\"><strong> Modele roz pal mate <\/strong><\/h4>\n\n\n\n<p>Continu\u0103m discu\u021bia despre unghii cu gel roz pal, dar ne \u00eendrept\u0103m aten\u021bia c\u0103tre un finish mat. Aceasta este o op\u021biune actual\u0103, ce poate fi purtat\u0103 cu \u00eencredere \u00een orice context. Mai mult, po\u021bi face combina\u021bii \u00eentre texturi \u2013 lucios \u0219i mat.<\/p>\n\n\n\n<h4 class=\"wp-block-heading\"><strong> Modele roz deschis <\/strong><\/h4>\n\n\n\n<p>Apreciezi manichiura natural\u0103? Trebuie s\u0103 \u00eencerci rozul deschis. Este o nuan\u021b\u0103 versatil\u0103, care se potrive\u0219te cu majoritatea tipurilor de piele, pe unghii scurte, medii sau lungi, indiferent de form\u0103.<\/p>\n\n\n\n<h4 class=\"wp-block-heading\"><strong>Modele de unghii roz sidefat <\/strong><\/h4>\n\n\n\n<p>Sideful ofer\u0103 un plus de str\u0103lucire. Dac\u0103 visezi la modele de unghii roz cu sclipici, dar contextul nu \u00ee\u021bi permite, po\u021bi lua \u00een calcul aceast\u0103 variant\u0103. Sunt ideale pentru ocaziile speciale \u0219i pentru a aduce un strop glamour \u00een via\u021ba cotidian\u0103.<\/p>\n\n\n\n<h2 class=\"wp-block-heading\"><strong> Modele de unghii roz intense, \u00eendr\u0103zne\u021be \u0219i feminine <\/strong><\/h2>\n\n\n\n<figure class=\"wp-block-gallery has-nested-images columns-default is-cropped wp-block-gallery-4 is-layout-flex wp-block-gallery-is-layout-flex\">\n<figure class=\"wp-block-image size-large is-style-rounded\"><img loading=\"lazy\" decoding=\"async\" width=\"768\" height=\"1024\" data-id=\"1690\" src=\"https:\/\/www.tienda.ro\/blog\/wp-content\/uploads\/2025\/08\/WhatsApp-Image-2025-07-28-at-10.16.56-5-768x1024.jpeg\" alt=\"\" class=\"wp-image-1690\" srcset=\"https:\/\/www.tienda.ro\/blog\/wp-content\/uploads\/2025\/08\/WhatsApp-Image-2025-07-28-at-10.16.56-5-768x1024.jpeg 768w, https:\/\/www.tienda.ro\/blog\/wp-content\/uploads\/2025\/08\/WhatsApp-Image-2025-07-28-at-10.16.56-5-225x300.jpeg 225w, https:\/\/www.tienda.ro\/blog\/wp-content\/uploads\/2025\/08\/WhatsApp-Image-2025-07-28-at-10.16.56-5-1152x1536.jpeg 1152w, https:\/\/www.tienda.ro\/blog\/wp-content\/uploads\/2025\/08\/WhatsApp-Image-2025-07-28-at-10.16.56-5.jpeg 1536w\" sizes=\"(max-width: 768px) 100vw, 768px\" \/><\/figure>\n\n\n\n<figure class=\"wp-block-image size-large is-style-rounded\"><img loading=\"lazy\" decoding=\"async\" width=\"768\" height=\"1024\" data-id=\"1699\" src=\"https:\/\/www.tienda.ro\/blog\/wp-content\/uploads\/2025\/08\/WhatsApp-Image-2025-07-28-at-10.17.06-768x1024.jpeg\" alt=\"\" class=\"wp-image-1699\" srcset=\"https:\/\/www.tienda.ro\/blog\/wp-content\/uploads\/2025\/08\/WhatsApp-Image-2025-07-28-at-10.17.06-768x1024.jpeg 768w, https:\/\/www.tienda.ro\/blog\/wp-content\/uploads\/2025\/08\/WhatsApp-Image-2025-07-28-at-10.17.06-225x300.jpeg 225w, https:\/\/www.tienda.ro\/blog\/wp-content\/uploads\/2025\/08\/WhatsApp-Image-2025-07-28-at-10.17.06-1152x1536.jpeg 1152w, https:\/\/www.tienda.ro\/blog\/wp-content\/uploads\/2025\/08\/WhatsApp-Image-2025-07-28-at-10.17.06.jpeg 1536w\" sizes=\"(max-width: 768px) 100vw, 768px\" \/><\/figure>\n\n\n\n<figure class=\"wp-block-image size-large is-style-rounded\"><img loading=\"lazy\" decoding=\"async\" width=\"768\" height=\"1024\" data-id=\"1692\" src=\"https:\/\/www.tienda.ro\/blog\/wp-content\/uploads\/2025\/08\/WhatsApp-Image-2025-07-28-at-10.16.57-4-768x1024.jpeg\" alt=\"\" class=\"wp-image-1692\" srcset=\"https:\/\/www.tienda.ro\/blog\/wp-content\/uploads\/2025\/08\/WhatsApp-Image-2025-07-28-at-10.16.57-4-768x1024.jpeg 768w, https:\/\/www.tienda.ro\/blog\/wp-content\/uploads\/2025\/08\/WhatsApp-Image-2025-07-28-at-10.16.57-4-225x300.jpeg 225w, https:\/\/www.tienda.ro\/blog\/wp-content\/uploads\/2025\/08\/WhatsApp-Image-2025-07-28-at-10.16.57-4-1152x1536.jpeg 1152w, https:\/\/www.tienda.ro\/blog\/wp-content\/uploads\/2025\/08\/WhatsApp-Image-2025-07-28-at-10.16.57-4.jpeg 1536w\" sizes=\"(max-width: 768px) 100vw, 768px\" \/><\/figure>\n<\/figure>\n\n\n\n<p>Trecem acum de la manichiura simpl\u0103 la cea \u00eendr\u0103znea\u021b\u0103 \u0219i feminin\u0103, la nuan\u021bele intense care te vor cuceri de la prima vedere. Nu ai folosit p\u00e2n\u0103 acum<a href=\"https:\/\/www.tienda.ro\/205-geluri-uv-toate\"> geluri UV<\/a> \u00een nuan\u021be puternice? O s\u0103 te r\u0103zg\u00e2nde\u0219ti.<\/p>\n\n\n\n<h4 class=\"wp-block-heading\"><strong> Roz fucsia <\/strong><\/h4>\n\n\n\n<p>A zis cineva fucsia? Vorbim \u00een continuare despre o alegere \u00eendr\u0103znea\u021b\u0103, care \u00ee\u021bi energizeaz\u0103 chiar \u0219i cea mai solicitant\u0103 zi. Este ideal\u0103 pentru cele are nu se feresc s\u0103 ias\u0103 \u00een eviden\u021b\u0103.<\/p>\n\n\n\n<h4 class=\"wp-block-heading\"><strong> Roz aprins <\/strong><\/h4>\n\n\n\n<p><strong>&nbsp;<\/strong>Poate preferi unghiile roz aprins. Minunat! Este o nuan\u021b\u0103 mai juc\u0103u\u0219\u0103, inspirat\u0103 de cele care debordeaz\u0103 de feminitate \u0219i energie pozitiv\u0103. Este la fel de vizibil \u0219i versatil. Gelurile UV roz aprins rezist\u0103 foarte bine pe unghii. Le po\u021bi alege pentru zilele de var\u0103, pentru vacan\u021ba la mare sau pentru plimb\u0103rile lungi prin capitalele europene.<\/p>\n\n\n\n<h4 class=\"wp-block-heading\"><strong> Roz neon <\/strong><\/h4>\n\n\n\n<p>Uite o alegere ideal\u0103 pentru \u021binutele cu vibe modern.&nbsp; Rozul neon este o nuan\u021b\u0103 electrizant\u0103, ideal\u0103 pentru festivaluri, concerte sau vacan\u021be la malul m\u0103rii. Rozul neon este o alegere statement.<\/p>\n\n\n\n<h4 class=\"wp-block-heading\"><strong>\u00a0 Mate <\/strong><\/h4>\n\n\n\n<p>&nbsp;Finishul mat domole\u0219te pu\u021bin neonul, dar r\u0103m\u00e2ne o nuan\u021b\u0103 exuberant\u0103. Dac\u0103 mergi la festival, po\u021bi combina rozul cu detalii grafice sau desene 3D. \u00cencearc\u0103 \u0219i varianta asta!<\/p>\n\n\n\n<h5 class=\"wp-block-heading\"><strong> Lucioase <\/strong><\/h5>\n\n\n\n<p>&nbsp;Finishul lucios va atrage privirile ca un magnet. Str\u0103luce\u0219te puternic \u0219i, \u00een combina\u021bie cu rozul, adaug\u0103 acea energie vibrant\u0103 de care are nevoie look-ul t\u0103u. Te sim\u021bi fresh, te por\u021bi fresh \u2013 exact ca unghiile tale de var\u0103.&nbsp;&nbsp;<\/p>\n\n\n\n<h4 class=\"wp-block-heading\"><strong> Roz bombon <\/strong><\/h4>\n\n\n\n<p>E dulce, e feminin\u0103, mai bl\u00e2nd\u0103 comparativ cu neonul \u0219i mai puternic\u0103 dec\u00e2t palul. E rozul bombon \u2013 o nuan\u021b\u0103 aflat\u0103 la grani\u021ba dintre juc\u0103u\u0219 \u0219i elegant. Multe femei caut\u0103 modele de unghii cu gel roz adorabile. Ei bine, rozul bombon este o op\u021biune interesant\u0103, mai ales dac\u0103 este combinat cu inimioare, buline sau fundi\u021be.<\/p>\n\n\n\n<h2 class=\"wp-block-heading\"><strong> Combina\u021bii cromatice de roz <\/strong><\/h2>\n\n\n\n<figure class=\"wp-block-gallery has-nested-images columns-default is-cropped wp-block-gallery-5 is-layout-flex wp-block-gallery-is-layout-flex\">\n<figure class=\"wp-block-image size-large is-style-rounded\"><img loading=\"lazy\" decoding=\"async\" width=\"768\" height=\"1024\" data-id=\"1695\" src=\"https:\/\/www.tienda.ro\/blog\/wp-content\/uploads\/2025\/08\/WhatsApp-Image-2025-07-28-at-10.17.02-768x1024.jpeg\" alt=\"\" class=\"wp-image-1695\" srcset=\"https:\/\/www.tienda.ro\/blog\/wp-content\/uploads\/2025\/08\/WhatsApp-Image-2025-07-28-at-10.17.02-768x1024.jpeg 768w, https:\/\/www.tienda.ro\/blog\/wp-content\/uploads\/2025\/08\/WhatsApp-Image-2025-07-28-at-10.17.02-225x300.jpeg 225w, https:\/\/www.tienda.ro\/blog\/wp-content\/uploads\/2025\/08\/WhatsApp-Image-2025-07-28-at-10.17.02-1152x1536.jpeg 1152w, https:\/\/www.tienda.ro\/blog\/wp-content\/uploads\/2025\/08\/WhatsApp-Image-2025-07-28-at-10.17.02.jpeg 1536w\" sizes=\"(max-width: 768px) 100vw, 768px\" \/><\/figure>\n\n\n\n<figure class=\"wp-block-image size-large is-style-rounded\"><img loading=\"lazy\" decoding=\"async\" width=\"768\" height=\"1024\" data-id=\"1694\" src=\"https:\/\/www.tienda.ro\/blog\/wp-content\/uploads\/2025\/08\/WhatsApp-Image-2025-07-28-at-10.16.58-768x1024.jpeg\" alt=\"\" class=\"wp-image-1694\" srcset=\"https:\/\/www.tienda.ro\/blog\/wp-content\/uploads\/2025\/08\/WhatsApp-Image-2025-07-28-at-10.16.58-768x1024.jpeg 768w, https:\/\/www.tienda.ro\/blog\/wp-content\/uploads\/2025\/08\/WhatsApp-Image-2025-07-28-at-10.16.58-225x300.jpeg 225w, https:\/\/www.tienda.ro\/blog\/wp-content\/uploads\/2025\/08\/WhatsApp-Image-2025-07-28-at-10.16.58-1152x1536.jpeg 1152w, https:\/\/www.tienda.ro\/blog\/wp-content\/uploads\/2025\/08\/WhatsApp-Image-2025-07-28-at-10.16.58.jpeg 1536w\" sizes=\"(max-width: 768px) 100vw, 768px\" \/><\/figure>\n\n\n\n<figure class=\"wp-block-image size-large is-style-rounded\"><img loading=\"lazy\" decoding=\"async\" width=\"768\" height=\"1024\" data-id=\"1710\" src=\"https:\/\/www.tienda.ro\/blog\/wp-content\/uploads\/2025\/08\/WhatsApp-Image-2025-07-28-at-10.23.52-768x1024.jpeg\" alt=\"\" class=\"wp-image-1710\" srcset=\"https:\/\/www.tienda.ro\/blog\/wp-content\/uploads\/2025\/08\/WhatsApp-Image-2025-07-28-at-10.23.52-768x1024.jpeg 768w, https:\/\/www.tienda.ro\/blog\/wp-content\/uploads\/2025\/08\/WhatsApp-Image-2025-07-28-at-10.23.52-225x300.jpeg 225w, https:\/\/www.tienda.ro\/blog\/wp-content\/uploads\/2025\/08\/WhatsApp-Image-2025-07-28-at-10.23.52-1152x1536.jpeg 1152w, https:\/\/www.tienda.ro\/blog\/wp-content\/uploads\/2025\/08\/WhatsApp-Image-2025-07-28-at-10.23.52.jpeg 1500w\" sizes=\"(max-width: 768px) 100vw, 768px\" \/><\/figure>\n<\/figure>\n\n\n\n<p>\u0218tii care e partea cea mai bun\u0103? Rozul poate fi combinat cu multe alte culori pentru a ob\u021bine manichiura perfect\u0103. \u00ce\u021bi prezent\u0103m mai jos c\u00e2teva idei pentru data viitoare. Salveaz\u0103-le la favorite!<\/p>\n\n\n\n<h4 class=\"wp-block-heading\"><strong> Modele roz cu auriu <\/strong><\/h4>\n\n\n\n<p>Po\u021bi purta unghii roz cu auriu la evenimentele festive. Nuan\u021bele de roz, cele pale, se potrivesc cu detaliile fine \u2013 cu linii sub\u021biri, folii metalice sau modele florale aurii. Nu te sfii s\u0103 por\u021bi aceast\u0103 combina\u021bie \u00een via\u021ba de zi cu zi!<\/p>\n\n\n\n<h4 class=\"wp-block-heading\"><strong> Modele roz cu negru <\/strong><\/h4>\n\n\n\n<p>Pentru o manichiur\u0103 sofisticat\u0103, modern\u0103 \u0219i u\u0219or \u00eendr\u0103znea\u021b\u0103, se recomand\u0103 combina\u021bia dintre roz \u0219i negru. Te-ai fi g\u00e2ndit la asta? \u00cencearc\u0103 fucsia cu negru. Ne mul\u021bume\u0219ti mai t\u00e2rziu.<\/p>\n\n\n\n<h4 class=\"wp-block-heading\"><strong> Modele gri cu roz <\/strong><\/h4>\n\n\n\n<p>Dac\u0103 petreci mai mult timp la birou dec\u00e2t \u00een ora\u0219 cu prietenii, ar trebui s\u0103 \u00eencerci combina\u021bia dintre roz \u0219i gri. Este o combina\u021bie care g\u0103se\u0219te un echilibru \u00eentre autentic \u0219i elegant. O astfel de manichiur\u0103 poate fi adaptat\u0103 \u0219i pentru ocazii speciale. \u00cencearc\u0103 griul rece cu rozul pudrat.<\/p>\n\n\n\n<h4 class=\"wp-block-heading\"><strong> Modele roz cu alb <\/strong><\/h4>\n\n\n\n<p>Dac\u0103 nu ai purtat p\u00e2n\u0103 acum unghii roz cu alb, ar trebui s\u0103 \u00eencerci anul acesta. Este o combina\u021bie simpl\u0103 \u0219i dulce. Po\u021bi opta pentru o baz\u0103 roz \u0219i elemente de design albe \u2013 poate detalii grafice, detalii florale, dungi, inimioare, buline sau orice \u00ee\u021bi trece prin minte. Nu po\u021bi gre\u0219i dac\u0103 optezi aceast\u0103 combina\u021bie!<\/p>\n\n\n\n<h4 class=\"wp-block-heading\"><strong>Alte modele de unghii cu gel roz <\/strong><\/h4>\n\n\n\n<p>Credeai c\u0103 ne oprim aici? Nu \u021bi-am spus c\u0103 rozul \u00ee\u021bi ofer\u0103 o mul\u021bime de posibilit\u0103\u021bi? Ar trebui s\u0103 le \u00eencerci, m\u0103car o dat\u0103. \u00ce\u021bi prezent\u0103m mai jos alte idei dr\u0103gu\u021be.<\/p>\n\n\n\n<figure class=\"wp-block-gallery has-nested-images columns-default is-cropped wp-block-gallery-6 is-layout-flex wp-block-gallery-is-layout-flex\">\n<figure class=\"wp-block-image size-large is-style-rounded\"><img loading=\"lazy\" decoding=\"async\" width=\"577\" height=\"1024\" data-id=\"1702\" src=\"https:\/\/www.tienda.ro\/blog\/wp-content\/uploads\/2025\/08\/WhatsApp-Image-2025-07-28-at-10.23.48-1-577x1024.jpeg\" alt=\"\" class=\"wp-image-1702\" srcset=\"https:\/\/www.tienda.ro\/blog\/wp-content\/uploads\/2025\/08\/WhatsApp-Image-2025-07-28-at-10.23.48-1-577x1024.jpeg 577w, https:\/\/www.tienda.ro\/blog\/wp-content\/uploads\/2025\/08\/WhatsApp-Image-2025-07-28-at-10.23.48-1-169x300.jpeg 169w, https:\/\/www.tienda.ro\/blog\/wp-content\/uploads\/2025\/08\/WhatsApp-Image-2025-07-28-at-10.23.48-1-768x1364.jpeg 768w, https:\/\/www.tienda.ro\/blog\/wp-content\/uploads\/2025\/08\/WhatsApp-Image-2025-07-28-at-10.23.48-1-865x1536.jpeg 865w, https:\/\/www.tienda.ro\/blog\/wp-content\/uploads\/2025\/08\/WhatsApp-Image-2025-07-28-at-10.23.48-1.jpeg 1126w\" sizes=\"(max-width: 577px) 100vw, 577px\" \/><\/figure>\n\n\n\n<figure class=\"wp-block-image size-large is-style-rounded\"><img loading=\"lazy\" decoding=\"async\" width=\"768\" height=\"1024\" data-id=\"1704\" src=\"https:\/\/www.tienda.ro\/blog\/wp-content\/uploads\/2025\/08\/WhatsApp-Image-2025-07-28-at-10.23.50-1-768x1024.jpeg\" alt=\"\" class=\"wp-image-1704\" srcset=\"https:\/\/www.tienda.ro\/blog\/wp-content\/uploads\/2025\/08\/WhatsApp-Image-2025-07-28-at-10.23.50-1-768x1024.jpeg 768w, https:\/\/www.tienda.ro\/blog\/wp-content\/uploads\/2025\/08\/WhatsApp-Image-2025-07-28-at-10.23.50-1-225x300.jpeg 225w, https:\/\/www.tienda.ro\/blog\/wp-content\/uploads\/2025\/08\/WhatsApp-Image-2025-07-28-at-10.23.50-1-1152x1536.jpeg 1152w, https:\/\/www.tienda.ro\/blog\/wp-content\/uploads\/2025\/08\/WhatsApp-Image-2025-07-28-at-10.23.50-1.jpeg 1500w\" sizes=\"(max-width: 768px) 100vw, 768px\" \/><\/figure>\n\n\n\n<figure class=\"wp-block-image size-large is-style-rounded\"><img loading=\"lazy\" decoding=\"async\" width=\"577\" height=\"1024\" data-id=\"1703\" src=\"https:\/\/www.tienda.ro\/blog\/wp-content\/uploads\/2025\/08\/WhatsApp-Image-2025-07-28-at-10.23.48-577x1024.jpeg\" alt=\"\" class=\"wp-image-1703\" srcset=\"https:\/\/www.tienda.ro\/blog\/wp-content\/uploads\/2025\/08\/WhatsApp-Image-2025-07-28-at-10.23.48-577x1024.jpeg 577w, https:\/\/www.tienda.ro\/blog\/wp-content\/uploads\/2025\/08\/WhatsApp-Image-2025-07-28-at-10.23.48-169x300.jpeg 169w, https:\/\/www.tienda.ro\/blog\/wp-content\/uploads\/2025\/08\/WhatsApp-Image-2025-07-28-at-10.23.48-768x1364.jpeg 768w, https:\/\/www.tienda.ro\/blog\/wp-content\/uploads\/2025\/08\/WhatsApp-Image-2025-07-28-at-10.23.48-865x1536.jpeg 865w, https:\/\/www.tienda.ro\/blog\/wp-content\/uploads\/2025\/08\/WhatsApp-Image-2025-07-28-at-10.23.48.jpeg 1126w\" sizes=\"(max-width: 577px) 100vw, 577px\" \/><\/figure>\n<\/figure>\n\n\n\n<h4 class=\"wp-block-heading\"><strong> Modele french roz <\/strong><\/h4>\n\n\n\n<p>Cau\u021bi modele de unghii french roz? Po\u021bi opta pentru o baz\u0103 roz pal cu v\u00e2rfuri albe sau invers \u2013 pentru ughii albe cu v\u00e2rfuri roz. Pare extra? Nu este. French-ul inversat este la mare c\u0103utare acum. Descoper\u0103 \u0219i<a href=\"https:\/\/www.tienda.ro\/blog\/modele-unghii-french\/\"> alte modele de unghii french<\/a> \u00een articolul dedicat.<\/p>\n\n\n\n<h4 class=\"wp-block-heading\"><strong> Modele roz pal cu sclipici <\/strong><\/h4>\n\n\n\n<p>E\u0219ti \u00eendr\u0103gostit\u0103 de stilul glam, \u00eenseamn\u0103 c\u0103 trebuie s\u0103 \u00eencerci unghiile roz cu sclipici. Aplic\u0103 sclipici pe toate unghiile, pe una singur\u0103, la baz\u0103 sau \u00een col\u021buri. Te vei sim\u021bi foarte frumoas\u0103 \u00een fiecare zi. Asigur\u0103-te c\u0103 ai un<a href=\"https:\/\/www.tienda.ro\/19-nail-art-sclipici\"> sclipici<\/a> bun.&nbsp;<\/p>\n\n\n\n<h4 class=\"wp-block-heading\"><strong> Modele roz simple <\/strong><\/h4>\n\n\n\n<p>Preferi minimalismul? Exist\u0103 modele de unghii roz simple. Po\u021bi \u00eencerca \u0219i c\u00e2teva decora\u021biuni, pe o singur\u0103 unghie. Testeaz\u0103, vezi dac\u0103 \u021bi se potrive\u0219te! Te po\u021bi \u00eentoarce oric\u00e2nd la simplitate total\u0103.<\/p>\n\n\n\n<h4 class=\"wp-block-heading\"><strong> Modele oglind\u0103 roz<\/strong><\/h4>\n\n\n\n<p>Nu ai purtat p\u00e2n\u0103 acum unghii oglind\u0103 roz? Se realizeaz\u0103 cu un luciu metalic special, deosebit de intens. A\u0219a se creeaz\u0103 efectul oglind\u0103. Sunt ideale pentru evenimentele speciale, mai ales dac\u0103 \u00ee\u021bi por\u021bi unghiile lungi. Trebuie s\u0103 \u00eencerci.<\/p>\n\n\n\n<h4 class=\"wp-block-heading\"><strong> Modele migdal\u0103 roz <\/strong><\/h4>\n\n\n\n<p>Dac\u0103 ai ales s\u0103-\u021bi por\u021bi unghiile \u00een roz, ar trebui s\u0103 \u00eencerci forma migdal\u0103. Este o combina\u021bie delicat\u0103 \u0219i feminin\u0103, care \u00ee\u021bi va pune naturale\u021bea \u00een valoare. Ar trebui s\u0103 alegi<a href=\"https:\/\/www.tienda.ro\/blog\/unghii-migdala\/\"> unghii migdal\u0103<\/a> mai des. Purtate lungi sau medii, simple cu detalii de efect, unghiile migdal\u0103 roz \u00ee\u021bi vor aduce z\u00e2mbetul pe buze.<\/p>\n\n\n\n<p>A\u0219adar, unghiile roz r\u0103m\u00e2n \u00een topul preferin\u021belor noastre. Pe bun\u0103 dreptate &#8211; acestea sunt cele mai feminine modele de unghii, fie c\u0103 ne referim la nuan\u021bele delicate sau la tonurile puternice. Alege cu inspira\u021bie! \u0218tii c\u0103 ai nevoie de o doz\u0103 de roz \u00een fiecare zi.<\/p>\n","protected":false},"excerpt":{"rendered":"<p>Ai nevoie de pu\u021bin roz \u00een via\u021ba ta? Sigur c\u0103 ai. E delicat, feminin \u0219i se potrive\u0219te cu starea ta de spirit \u2013 mereu atent\u0103 la tot ceea ce por\u021bi, mereu tu. C\u00e2nd ai avut ultima dat\u0103 unghii roz? Dac\u0103 a trecut ceva timp, atunci acest articol este memento-ul t\u0103u. Descoper\u0103, din r\u00e2ndurile urm\u0103toare, cum [&hellip;]<\/p>\n","protected":false},"author":2,"featured_media":1695,"comment_status":"open","ping_status":"open","sticky":false,"template":"","format":"standard","meta":{"footnotes":""},"categories":[10],"tags":[],"class_list":["post-1674","post","type-post","status-publish","format-standard","has-post-thumbnail","hentry","category-galerie-unghiute"],"_links":{"self":[{"href":"https:\/\/www.tienda.ro\/blog\/wp-json\/wp\/v2\/posts\/1674","targetHints":{"allow":["GET"]}}],"collection":[{"href":"https:\/\/www.tienda.ro\/blog\/wp-json\/wp\/v2\/posts"}],"about":[{"href":"https:\/\/www.tienda.ro\/blog\/wp-json\/wp\/v2\/types\/post"}],"author":[{"embeddable":true,"href":"https:\/\/www.tienda.ro\/blog\/wp-json\/wp\/v2\/users\/2"}],"replies":[{"embeddable":true,"href":"https:\/\/www.tienda.ro\/blog\/wp-json\/wp\/v2\/comments?post=1674"}],"version-history":[{"count":3,"href":"https:\/\/www.tienda.ro\/blog\/wp-json\/wp\/v2\/posts\/1674\/revisions"}],"predecessor-version":[{"id":1721,"href":"https:\/\/www.tienda.ro\/blog\/wp-json\/wp\/v2\/posts\/1674\/revisions\/1721"}],"wp:featuredmedia":[{"embeddable":true,"href":"https:\/\/www.tienda.ro\/blog\/wp-json\/wp\/v2\/media\/1695"}],"wp:attachment":[{"href":"https:\/\/www.tienda.ro\/blog\/wp-json\/wp\/v2\/media?parent=1674"}],"wp:term":[{"taxonomy":"category","embeddable":true,"href":"https:\/\/www.tienda.ro\/blog\/wp-json\/wp\/v2\/categories?post=1674"},{"taxonomy":"post_tag","embeddable":true,"href":"https:\/\/www.tienda.ro\/blog\/wp-json\/wp\/v2\/tags?post=1674"}],"curies":[{"name":"wp","href":"https:\/\/api.w.org\/{rel}","templated":true}]}}