{"id":1644,"date":"2025-07-09T08:45:27","date_gmt":"2025-07-09T08:45:27","guid":{"rendered":"https:\/\/www.tienda.ro\/blog\/?p=1644"},"modified":"2025-07-11T07:17:02","modified_gmt":"2025-07-11T07:17:02","slug":"idei-unghii-albe-pentru-ocazii-speciale","status":"publish","type":"post","link":"https:\/\/www.tienda.ro\/blog\/idei-unghii-albe-pentru-ocazii-speciale\/","title":{"rendered":"Idei de unghii albe pentru ocazii speciale"},"content":{"rendered":"\n<h1 class=\"wp-block-heading\"><strong>Idei<\/strong> <strong>de unghii albe pentru ocazii speciale<\/strong><\/h1>\n\n\n\n<p>C\u00e2nd ai purtat ultima dat\u0103 unghii albe? Poate c\u0103 a trecut ceva timp. Indiferent de forma sau lungimea unghiei, albul este alegerea ideal\u0103 atunci c\u00e2nd urmeaz\u0103 s\u0103 participi la un eveniment important. Nu trebuie s\u0103-\u021bi faci griji \u00een privin\u021ba \u021binutei \u2013 se potrive\u0219te cu orice. Tentant, nu-i a\u0219a? \u00cen continuare, \u00ee\u021bi prezent\u0103m cele mai frumoase \u0219i rafinate modele de unghii lucrate \u00een alb \u2013 de ce merit\u0103 s\u0103 le alegi, cum s\u0103 le por\u021bi \u0219i \u00een ce contexte \u00ee\u021bi vor eviden\u021bia personalitatea. <\/p>\n\n\n\n<p>Cite\u0219te, inspir\u0103-te, bucur\u0103-te!<\/p>\n\n\n\n<h2 class=\"wp-block-heading\"><strong> De ce s\u0103 alegi o manichiur\u0103 elegant\u0103 cu gel alb? <\/strong><\/h2>\n\n\n\n<p>Cele care poart\u0103 frecvent unghii cu gel albe au \u00eenv\u0103\u021bat \u00een timp c\u0103 albul nu este doar o alegere clasic\u0103, ci una sofisticat\u0103. Simbolizeaz\u0103 puritatea, simplitatea \u0219i rafinamentul. La capitolul unghii, albul eviden\u021biaz\u0103 aspectul \u00eengrijit, curat \u0219i versatil \u2013 aten\u021bia pentru detalii, grija pentru sine.&nbsp;<\/p>\n\n\n\n<p>Comparativ cu alte culori, care pot p\u0103rea \u00eendr\u0103zne\u021be sau greu de asortat, albul se adapteaz\u0103 u\u0219or oric\u0103rui stil, \u00een orice sezon \u0219i \u00een orice moment al zilei. Modelele de unghii albe sunt potrivite celor care viseaz\u0103 la o manichiur\u0103 simpl\u0103, care s\u0103 r\u0103m\u00e2n\u0103 elegant\u0103 indiferent de context.&nbsp;<\/p>\n\n\n\n<h2 class=\"wp-block-heading\"><strong> La ce ocazii s\u0103 por\u021bi unghiile albe cu gel? <br><\/strong><\/h2>\n\n\n\n<p>Cau\u021bi un model de unghii albe care s\u0103 se potriveasc\u0103 perfect cu starea ta de spirit \u0219i s\u0103 mearg\u0103 bine la evenimentele pe care urmeaz\u0103 s\u0103 le bifezi \u00een urm\u0103toarele zile? Excelent! Datorit\u0103 aspectului curat \u0219i luminos, unghiile albe sunt potrivite pentru evenimente formale (nun\u021bi, botezuri, gale, petreceri corporate etc). \u00cen acela\u0219i timp, acestea se potrivesc diferitelor contexte sociale sau profesionale \u2013 zile obi\u0219nuite la birou, ie\u0219iri cu prietenii, vacan\u021be etc.&nbsp;<\/p>\n\n\n\n<h2 class=\"wp-block-heading\"><strong> Cele mai c\u0103utate modele de unghii cu gel albe <\/strong><\/h2>\n\n\n\n<p>Curioas\u0103 s\u0103 afli care sunt cele mai c\u0103utate modele de unghii albe? \u00cenainte de a citi mai departe, trebuie s\u0103 \u0219tii c\u0103 tu e\u0219ti inspira\u021bie, tu po\u021bi alege ceea ce te define\u0219te, ceea ce te face s\u0103 te sim\u021bi bine, \u00eemplinit\u0103 cu imaginea din oglin\u0103. G\u0103se\u0219ti mai jos c\u00e2teva exemple. Sunt modele de unghii \u00een alb care \u00ee\u021bi pot ghida urm\u0103toarea alegere.&nbsp;<\/p>\n\n\n\n<h4 class=\"wp-block-heading\"><strong>Simple <\/strong><\/h4>\n\n\n\n<p>Minimalism, feminism, naturale\u021be \u2013 alegerea perfect\u0103 pentru iubitoarele de simplitate, acea simplitate care eman\u0103 rafinament \u0219i bun gust. F\u0103r\u0103 decoruri sau aplica\u021bii, f\u0103r\u0103 detalii de efect. Modelele de unghii albe simple pot fi realizate \u00een orice form\u0103 (p\u0103trat, migdal\u0103, oval, rotund etc). Avantajul acestora este c\u0103 se potrivesc cu orice v\u00e2rst\u0103, indiferent care este stilul personal. Transmit rafinament \u0219i aten\u021bie pentru detalii.&nbsp;<\/p>\n\n\n\n<figure class=\"wp-block-gallery has-nested-images columns-default is-cropped wp-block-gallery-1 is-layout-flex wp-block-gallery-is-layout-flex\">\n<figure class=\"wp-block-image size-large is-style-rounded\"><img fetchpriority=\"high\" decoding=\"async\" width=\"768\" height=\"1024\" data-id=\"1655\" src=\"https:\/\/www.tienda.ro\/blog\/wp-content\/uploads\/2025\/07\/WhatsApp-Image-2025-04-07-at-17.11.26-768x1024.jpeg\" alt=\"\" class=\"wp-image-1655\" srcset=\"https:\/\/www.tienda.ro\/blog\/wp-content\/uploads\/2025\/07\/WhatsApp-Image-2025-04-07-at-17.11.26-768x1024.jpeg 768w, https:\/\/www.tienda.ro\/blog\/wp-content\/uploads\/2025\/07\/WhatsApp-Image-2025-04-07-at-17.11.26-225x300.jpeg 225w, https:\/\/www.tienda.ro\/blog\/wp-content\/uploads\/2025\/07\/WhatsApp-Image-2025-04-07-at-17.11.26-1152x1536.jpeg 1152w, https:\/\/www.tienda.ro\/blog\/wp-content\/uploads\/2025\/07\/WhatsApp-Image-2025-04-07-at-17.11.26-1536x2048.jpeg 1536w, https:\/\/www.tienda.ro\/blog\/wp-content\/uploads\/2025\/07\/WhatsApp-Image-2025-04-07-at-17.11.26-scaled.jpeg 1920w\" sizes=\"(max-width: 768px) 100vw, 768px\" \/><\/figure>\n\n\n\n<figure class=\"wp-block-image size-large is-style-rounded\"><img decoding=\"async\" width=\"1024\" height=\"1024\" data-id=\"1647\" src=\"https:\/\/www.tienda.ro\/blog\/wp-content\/uploads\/2025\/07\/20230721_180306-1024x1024.jpg\" alt=\"\" class=\"wp-image-1647\" srcset=\"https:\/\/www.tienda.ro\/blog\/wp-content\/uploads\/2025\/07\/20230721_180306-1024x1024.jpg 1024w, https:\/\/www.tienda.ro\/blog\/wp-content\/uploads\/2025\/07\/20230721_180306-300x300.jpg 300w, https:\/\/www.tienda.ro\/blog\/wp-content\/uploads\/2025\/07\/20230721_180306-150x150.jpg 150w, https:\/\/www.tienda.ro\/blog\/wp-content\/uploads\/2025\/07\/20230721_180306-768x768.jpg 768w, https:\/\/www.tienda.ro\/blog\/wp-content\/uploads\/2025\/07\/20230721_180306-1536x1536.jpg 1536w, https:\/\/www.tienda.ro\/blog\/wp-content\/uploads\/2025\/07\/20230721_180306.jpg 1936w\" sizes=\"(max-width: 1024px) 100vw, 1024px\" \/><\/figure>\n\n\n\n<figure class=\"wp-block-image size-large is-style-rounded\"><img decoding=\"async\" width=\"1024\" height=\"1024\" data-id=\"1648\" src=\"https:\/\/www.tienda.ro\/blog\/wp-content\/uploads\/2025\/07\/20230913_130903-1024x1024.jpg\" alt=\"\" class=\"wp-image-1648\" srcset=\"https:\/\/www.tienda.ro\/blog\/wp-content\/uploads\/2025\/07\/20230913_130903-1024x1024.jpg 1024w, https:\/\/www.tienda.ro\/blog\/wp-content\/uploads\/2025\/07\/20230913_130903-300x300.jpg 300w, https:\/\/www.tienda.ro\/blog\/wp-content\/uploads\/2025\/07\/20230913_130903-150x150.jpg 150w, https:\/\/www.tienda.ro\/blog\/wp-content\/uploads\/2025\/07\/20230913_130903-768x768.jpg 768w, https:\/\/www.tienda.ro\/blog\/wp-content\/uploads\/2025\/07\/20230913_130903-1536x1536.jpg 1536w, https:\/\/www.tienda.ro\/blog\/wp-content\/uploads\/2025\/07\/20230913_130903.jpg 1812w\" sizes=\"(max-width: 1024px) 100vw, 1024px\" \/><\/figure>\n<\/figure>\n\n\n\n<h4 class=\"wp-block-heading\"><strong>Unghii albe cu sclipici <\/strong><\/h4>\n\n\n\n<p>Un pic de str\u0103lucire nu stric\u0103 pentru tine? A\u0219a ziceam \u0219i noi. Dac\u0103 \u00ee\u021bi dore\u0219ti unghii albe cu sclipici, atunci trebuie s\u0103 \u0219tii c\u0103 acestea pot fi combinate cu particule fine sau cu sclipiri holografice, care se aplic\u0103 pe toat\u0103 unghia sau doar pe v\u00e2rf. Dac\u0103 \u00ee\u021bi place s\u0103 ie\u0219i \u00een eviden\u021b\u0103, atunci ai g\u0103sit ceea ce ai nevoie \u2013 unghiile ideale pentru petreceri, s\u0103rb\u0103tori \u0219i alte ocazii festive. Nu uita s\u0103 achizi\u021bionezi un <a href=\"https:\/\/www.tienda.ro\/19-nail-art-sclipici\">sclipici pentru unghii cu gel<\/a> care ofer\u0103 rezisten\u021b\u0103 \u0219i efect spectaculos.<strong> <\/strong>Doar vrei s\u0103 ob\u021bii cele mai frumoase modele de unghii cu sclipici.<\/p>\n\n\n\n<h4 class=\"wp-block-heading\"><strong> Alb \u0219i auriu <\/strong><\/h4>\n\n\n\n<p>E timpul s\u0103 str\u0103luce\u0219ti cu adev\u0103rat! Combina\u021bia dintre alb \u0219i auriu este una dinte cele mai elegante alegeri \u2013 un duo care poate fi integrat inclusiv \u00een manichiura cu model (floral, geometric, metalic, abstract etc). Albul este delicat, iar auriul \u00eel scoate \u00een eviden\u021b\u0103. \u00cempreun\u0103, albul \u0219i auriul ofer\u0103 un look glam cu accent pe echilibru.&nbsp;<\/p>\n\n\n\n<h4 class=\"wp-block-heading\"><strong> Albe cu pietre <\/strong><\/h4>\n\n\n\n<p>\u201eWow effect\u201d sun\u0103 tentant pentru tine? Avem c\u00e2teva exemple interesante aici. Pietrele aplicate pe unghiile albe adaug\u0103 mai mult volum, mai mult\u0103 textur\u0103 \u0219i ofer\u0103 o imagine \u00eendr\u0103znea\u021b\u0103, dar controlat\u0103. Sunt ideale pentru evenimentele cu mare fast. Poart\u0103 unghii albe cu pietre dac\u0103 vrei s\u0103 te faci remarcat\u0103!<\/p>\n\n\n\n<figure class=\"wp-block-gallery has-nested-images columns-default is-cropped wp-block-gallery-2 is-layout-flex wp-block-gallery-is-layout-flex\">\n<figure class=\"wp-block-image size-large is-style-rounded\"><img loading=\"lazy\" decoding=\"async\" width=\"768\" height=\"1024\" data-id=\"1661\" src=\"https:\/\/www.tienda.ro\/blog\/wp-content\/uploads\/2025\/07\/WhatsApp-Image-2025-07-09-at-09.00.59-1-768x1024.jpeg\" alt=\"\" class=\"wp-image-1661\" srcset=\"https:\/\/www.tienda.ro\/blog\/wp-content\/uploads\/2025\/07\/WhatsApp-Image-2025-07-09-at-09.00.59-1-768x1024.jpeg 768w, https:\/\/www.tienda.ro\/blog\/wp-content\/uploads\/2025\/07\/WhatsApp-Image-2025-07-09-at-09.00.59-1-225x300.jpeg 225w, https:\/\/www.tienda.ro\/blog\/wp-content\/uploads\/2025\/07\/WhatsApp-Image-2025-07-09-at-09.00.59-1-1152x1536.jpeg 1152w, https:\/\/www.tienda.ro\/blog\/wp-content\/uploads\/2025\/07\/WhatsApp-Image-2025-07-09-at-09.00.59-1.jpeg 1536w\" sizes=\"(max-width: 768px) 100vw, 768px\" \/><\/figure>\n\n\n\n<figure class=\"wp-block-image size-large is-style-rounded\"><img loading=\"lazy\" decoding=\"async\" width=\"1024\" height=\"1024\" data-id=\"1646\" src=\"https:\/\/www.tienda.ro\/blog\/wp-content\/uploads\/2025\/07\/20230704_132922-1024x1024.jpg\" alt=\"\" class=\"wp-image-1646\" srcset=\"https:\/\/www.tienda.ro\/blog\/wp-content\/uploads\/2025\/07\/20230704_132922-1024x1024.jpg 1024w, https:\/\/www.tienda.ro\/blog\/wp-content\/uploads\/2025\/07\/20230704_132922-300x300.jpg 300w, https:\/\/www.tienda.ro\/blog\/wp-content\/uploads\/2025\/07\/20230704_132922-150x150.jpg 150w, https:\/\/www.tienda.ro\/blog\/wp-content\/uploads\/2025\/07\/20230704_132922-768x768.jpg 768w, https:\/\/www.tienda.ro\/blog\/wp-content\/uploads\/2025\/07\/20230704_132922-1536x1536.jpg 1536w, https:\/\/www.tienda.ro\/blog\/wp-content\/uploads\/2025\/07\/20230704_132922-2048x2048.jpg 2048w\" sizes=\"(max-width: 1024px) 100vw, 1024px\" \/><\/figure>\n<\/figure>\n\n\n\n<h4 class=\"wp-block-heading\"><strong>French albe <\/strong><\/h4>\n\n\n\n<p>Credeai c\u0103 am uitat de unghiile albe french? Manichiura french, cea clasic\u0103, este \u0219i azi \u00eendr\u0103git\u0103 de fashioniste. Este o manichiur\u0103 ideal\u0103 pentru purtare zilnic\u0103 sau pentru ocazii speciale, atunci c\u00e2nd elegan\u021ba implic\u0103 simplitate. Nu e niciodat\u0103 gre\u0219it s\u0103 por\u021bi <a href=\"https:\/\/www.tienda.ro\/blog\/modele-unghii-french\/\">unghii french<\/a>.<\/p>\n\n\n\n<h4 class=\"wp-block-heading\"><strong>Ombre albe <\/strong><\/h4>\n\n\n\n<p>A zis cineva unghii ombre albe? O alegere discret\u0103 \u0219i foarte istea\u021b\u0103. O astfel de manichiur\u0103 este dedicat\u0103 femeilor care apreciaz\u0103 un look subtil. Tehnica presupune trecerea gradual\u0103 de la alb spre nude sau o alt\u0103 nuan\u021b\u0103 natural\u0103. De regul\u0103, miresele sunt cele care opteaz\u0103 pentru unghii cu gel albe \u00een stil ombre. Totodat\u0103, este o tehnic\u0103 \u00eendr\u0103git\u0103 \u0219i de cele care prefer\u0103 un aspect discret al unghiilor atunci c\u00e2nd merg la birou.&nbsp;<\/p>\n\n\n\n<h4 class=\"wp-block-heading\"><strong> Unghii albe cu model<\/strong><\/h4>\n\n\n\n<p>Dac\u0103 expresivitatea este punctul t\u0103u forte, atunci ai putea \u00eencerca personalizarea unghiilor. Modele florare, abstracte, geometrice sau tematice \u2013 posibilit\u0103\u021bile sunt infinite. \u00cen func\u021bie de preferin\u021be \u0219i de timpul pe care \u00eel aloci manichiurii, po\u021bi opta pentru modele pictate manual, realizate cu \u0219tampil\u0103 sau aplicate sub form\u0103 de sticker. Albul este cea mai bun\u0103 baz\u0103 pentru modele.&nbsp;<\/p>\n\n\n\n<h4 class=\"wp-block-heading\"><strong>Mate <\/strong><\/h4>\n\n\n\n<p>Trebuie s\u0103 vezi \u0219i modelele de unghii albe mate \u2013 defini\u021bia rafinamentului de azi. Textura \u00een sine ofer\u0103 un aspect sofisticat, f\u0103r\u0103 s\u0103 renun\u021be la simplitate. Este o alegere foarte bun\u0103 \u00een sezonul rece, dar se potrive\u0219te \u0219i cu nuan\u021bele de var\u0103.&nbsp;<\/p>\n\n\n\n<h4 class=\"wp-block-heading\"><strong>Lucioase <\/strong><\/h4>\n\n\n\n<p>Sunt clasice, dar vor r\u0103m\u00e2ne mereu \u00een topul preferin\u021belor noastre. Modelele de unghii albe lucioase au un farmec special. Finish-ul lucios reflect\u0103 lumina \u0219i ofer\u0103 un aspect curat, proasp\u0103t, feminin. Ai observat c\u00e2t de frumos se v\u0103d unghiile tale lucioase \u00een lumina din interiorul magazinului preferat? \u0218i lumina aceea face magie, dar totul porne\u0219te de la finish-ul ales cu responsabilitate. Unghiile lucioase pot fi purtate simple sau cu detalii decorative.&nbsp;<\/p>\n\n\n\n<h4 class=\"wp-block-heading\"><strong>Unghii albe cu inimioare ro\u0219ii <\/strong><\/h4>\n\n\n\n<p>E\u0219ti \u00een pan\u0103 de idei? Ce spui de unghii albe cu inimioare ro\u0219ii? Acestea sunt potrivite pentru evenimentele romantice, pentru \u00eent\u00e2lnirile importante din via\u021ba ta \u0219i pentru petrecerile cu tematic\u0103. Sunt juc\u0103u\u0219e, delicate \u0219i expresive.&nbsp;<\/p>\n\n\n\n<h2 class=\"wp-block-heading\"><strong> Modele de unghii albe cu gel \u00een func\u021bie de form\u0103 <\/strong><\/h2>\n\n\n\n<p>Forma unghiei are un impact puternic asupra efectului vizual al manichiurii. De\u0219i albul se potrive\u0219te la orice, trebuie s\u0103 punct\u0103m un aspect important \u2013 forma confer\u0103 un aer diferit manichiurii, de la discret p\u00e2n\u0103 la extravagant.&nbsp;<\/p>\n\n\n\n<h4 class=\"wp-block-heading\"><strong>Modele p\u0103trate<\/strong><\/h4>\n\n\n\n<p>Po\u021bi purta unghii albe p\u0103trate dac\u0103 e\u0219ti genul de femeie care prefer\u0103 o manichiur\u0103 practic\u0103, cu care s\u0103 mearg\u0103 la sigur. Exist\u0103 o varietate de <a href=\"https:\/\/www.tienda.ro\/blog\/unghii-patrate\/\">modele unghii p\u0103trate<\/a> pe care le po\u021bi \u00eencerca. Sunt simple \u0219i totodat\u0103 sofisticate.&nbsp;<\/p>\n\n\n\n<h4 class=\"wp-block-heading\"><strong> Modele migdal\u0103 <\/strong><\/h4>\n\n\n\n<p>Aceast\u0103 form\u0103 \u0219i-a c\u00e2\u0219tigat popularitatea datorit\u0103 aspectului s\u0103u alungit \u0219i elegant. Este o form\u0103 \u00eendr\u0103git\u0103 de cele care vor s\u0103 ob\u021bin\u0103 un efect gra\u021bios la evenimentele speciale sau pentru look-ul de zi cu zi. G\u0103se\u0219ti \u0219i alte <a href=\"https:\/\/www.tienda.ro\/blog\/unghii-migdala\/\">modele de unghii migdal\u0103<\/a> \u00een blogurile noastre.&nbsp;&nbsp;<\/p>\n\n\n\n<h4 class=\"wp-block-heading\"><strong> Modele stiletto <\/strong><\/h4>\n\n\n\n<p>Unghiile stiletto au v\u00e2rful ascu\u021bit \u0219i dramatic, ceea ce le face ideale pentru femeile care vor s\u0103 atrag\u0103 aten\u021bia, pentru cele care prefer\u0103 formele excentrice, bine definite. Nu te fere\u0219ti de ochii curio\u0219ilor? Alege unghiile stiletto albe!&nbsp;<\/p>\n\n\n\n<h4 class=\"wp-block-heading\"><strong>Modele balerin\u0103 <\/strong><\/h4>\n\n\n\n<p>Albul aplicat pe forma balerin\u0103 eviden\u021biaz\u0103 structura unghiei. Este o form\u0103 versatil\u0103, pe care po\u021bi aplica o varietate de modele \u2013 cu pietre, cu sclipici, modele pictate, mate etc. Po\u021bi purta <a href=\"https:\/\/www.tienda.ro\/blog\/unghii-balerina\/\">unghii balerin\u0103<\/a> la urm\u0103torul eveniment.&nbsp;<\/p>\n\n\n\n<h4 class=\"wp-block-heading\"><strong> Modele rotunde<\/strong><\/h4>\n\n\n\n<p>Exist\u0103 multe modele de unghii cu gel albe, iar cele rotunde exprim\u0103 naturale\u021be \u0219i feminism. Este o alegere excelent\u0103 pentru unghiile scurte, pentru femeile care prefer\u0103 o manichiur\u0103 discret\u0103, de cele mai multe ori, simpl\u0103. Este o alegere bun\u0103 pentru toate v\u00e2rstele.&nbsp;<\/p>\n\n\n\n<h2 class=\"wp-block-heading\"><strong> Idei de unghii albe \u00een func\u021bie de lungime <\/strong><\/h2>\n\n\n\n<p>\u0218tiai c\u0103 lungimea unghiilor influen\u021beaz\u0103 aspectul final al manichiurii \u0219i stilul personal al purt\u0103toarei? S\u0103 fie discrete sau exuberante? Ce bine c\u0103 albul se potrive\u0219te cu toate deciziile tale.&nbsp;<\/p>\n\n\n\n<h4 class=\"wp-block-heading\"><strong> Unghii lungi <\/strong><\/h4>\n\n\n\n<p>Pentru c\u0103 ofer\u0103 o suprafa\u021b\u0103 generoas\u0103, unghiile lungi sunt ideale pentru evenimentele speciale &#8211; atunci c\u00e2nd extra sun\u0103 chiar bine. Po\u021bi crea designuri spectaculoase pe o baz\u0103 alb\u0103 \u0219i lung\u0103. Ombre, accente metalice, dantel\u0103, pietre \u0219i lista poate continua.&nbsp;<\/p>\n\n\n\n<h4 class=\"wp-block-heading\"><strong> Unghii scurte <\/strong><\/h4>\n\n\n\n<p>Poate c\u0103 tu preferi mai mult stilul natural, cu linii curate, stilul versatil, cu unghii scurte \u0219i minimaliste. Unghiile scurte \u0219i albe sunt ideale pentru femeile active, pentru cele care la 17:00 termin\u0103 programul de la birou \u0219i la 18:45 se afl\u0103 deja pe covorul ro\u0219u.&nbsp;<\/p>\n\n\n\n<h2 class=\"wp-block-heading\"><strong> Modele pentru diverse ocazii <\/strong><\/h2>\n\n\n\n<p>\u00cenc\u0103 nu te-ai convins de versatilitatea lor? Toate modelele prezentate mai sus pot fi purtate \u00een diferite contexte sociale. Da, se potrivesc foarte bine cu stilul t\u0103u de via\u021b\u0103 \u2013 imprevizibil, mereu \u00een mi\u0219care.&nbsp;<\/p>\n\n\n\n<h4 class=\"wp-block-heading\"><strong> Unghii albe pentru nunt\u0103 <\/strong><\/h4>\n\n\n\n<p>Pentru mirese, albul este o alegere clasic\u0103, ideal\u0103 pentru a completa rochia mult dorit\u0103. \u00cen cazul lor, unghiile pot varia de la variante simple de alb l\u0103ptos, pe unghii scurte, p\u00e2n\u0103 la variante mai \u00eendr\u0103zne\u021be cu accesorii (pietre sau perle) pe unghii medii \u0219i lungi. Nici invitatele nu pot gre\u0219i cu o astfel de manichiur\u0103. Albul pe unghii se vede foarte bine \u00een fotografii. Gata, acum secretul este la tine.&nbsp;<\/p>\n\n\n\n<h4 class=\"wp-block-heading\"><strong>Unghii albe de var\u0103 <\/strong><\/h4>\n\n\n\n<p>Sunt tropicale, proaspete, luminoase \u0219i juc\u0103u\u0219e. Sunt noile tale unghii albe de var\u0103. Pe baza alb\u0103 po\u021bi ad\u0103uga diferite accente de sezon, reflect\u00e2nd bucuria cu care \u00eent\u00e2mpini sezonul cald. Le po\u021bi purta oric\u00e2nd \u2013 \u00een vacan\u021b\u0103, la festival sau la toate nun\u021bile pe care urmeaz\u0103 s\u0103 le bifezi weekend-urile urm\u0103toare.&nbsp;<\/p>\n\n\n\n<figure class=\"wp-block-gallery has-nested-images columns-default is-cropped wp-block-gallery-3 is-layout-flex wp-block-gallery-is-layout-flex\">\n<figure class=\"wp-block-image size-large is-style-rounded\"><img loading=\"lazy\" decoding=\"async\" width=\"768\" height=\"1024\" data-id=\"1659\" src=\"https:\/\/www.tienda.ro\/blog\/wp-content\/uploads\/2025\/07\/WhatsApp-Image-2025-05-28-at-16.31.38-768x1024.jpeg\" alt=\"\" class=\"wp-image-1659\" srcset=\"https:\/\/www.tienda.ro\/blog\/wp-content\/uploads\/2025\/07\/WhatsApp-Image-2025-05-28-at-16.31.38-768x1024.jpeg 768w, https:\/\/www.tienda.ro\/blog\/wp-content\/uploads\/2025\/07\/WhatsApp-Image-2025-05-28-at-16.31.38-225x300.jpeg 225w, https:\/\/www.tienda.ro\/blog\/wp-content\/uploads\/2025\/07\/WhatsApp-Image-2025-05-28-at-16.31.38-1152x1536.jpeg 1152w, https:\/\/www.tienda.ro\/blog\/wp-content\/uploads\/2025\/07\/WhatsApp-Image-2025-05-28-at-16.31.38-1536x2048.jpeg 1536w, https:\/\/www.tienda.ro\/blog\/wp-content\/uploads\/2025\/07\/WhatsApp-Image-2025-05-28-at-16.31.38-scaled.jpeg 1920w\" sizes=\"(max-width: 768px) 100vw, 768px\" \/><\/figure>\n\n\n\n<figure class=\"wp-block-image size-large is-style-rounded\"><img loading=\"lazy\" decoding=\"async\" width=\"1024\" height=\"1024\" data-id=\"1653\" src=\"https:\/\/www.tienda.ro\/blog\/wp-content\/uploads\/2025\/07\/WhatsApp-Image-2025-02-17-at-15.10.20-1024x1024.jpeg\" alt=\"\" class=\"wp-image-1653\" srcset=\"https:\/\/www.tienda.ro\/blog\/wp-content\/uploads\/2025\/07\/WhatsApp-Image-2025-02-17-at-15.10.20-1024x1024.jpeg 1024w, https:\/\/www.tienda.ro\/blog\/wp-content\/uploads\/2025\/07\/WhatsApp-Image-2025-02-17-at-15.10.20-300x300.jpeg 300w, https:\/\/www.tienda.ro\/blog\/wp-content\/uploads\/2025\/07\/WhatsApp-Image-2025-02-17-at-15.10.20-150x150.jpeg 150w, https:\/\/www.tienda.ro\/blog\/wp-content\/uploads\/2025\/07\/WhatsApp-Image-2025-02-17-at-15.10.20-768x768.jpeg 768w, https:\/\/www.tienda.ro\/blog\/wp-content\/uploads\/2025\/07\/WhatsApp-Image-2025-02-17-at-15.10.20-1536x1536.jpeg 1536w, https:\/\/www.tienda.ro\/blog\/wp-content\/uploads\/2025\/07\/WhatsApp-Image-2025-02-17-at-15.10.20-2048x2048.jpeg 2048w\" sizes=\"(max-width: 1024px) 100vw, 1024px\" \/><\/figure>\n\n\n\n<figure class=\"wp-block-image size-large is-style-rounded\"><img loading=\"lazy\" decoding=\"async\" width=\"768\" height=\"1024\" data-id=\"1660\" src=\"https:\/\/www.tienda.ro\/blog\/wp-content\/uploads\/2025\/07\/WhatsApp-Image-2025-07-09-at-09.00.58-1-768x1024.jpeg\" alt=\"\" class=\"wp-image-1660\" srcset=\"https:\/\/www.tienda.ro\/blog\/wp-content\/uploads\/2025\/07\/WhatsApp-Image-2025-07-09-at-09.00.58-1-768x1024.jpeg 768w, https:\/\/www.tienda.ro\/blog\/wp-content\/uploads\/2025\/07\/WhatsApp-Image-2025-07-09-at-09.00.58-1-225x300.jpeg 225w, https:\/\/www.tienda.ro\/blog\/wp-content\/uploads\/2025\/07\/WhatsApp-Image-2025-07-09-at-09.00.58-1-1152x1536.jpeg 1152w, https:\/\/www.tienda.ro\/blog\/wp-content\/uploads\/2025\/07\/WhatsApp-Image-2025-07-09-at-09.00.58-1.jpeg 1536w\" sizes=\"(max-width: 768px) 100vw, 768px\" \/><\/figure>\n<\/figure>\n\n\n\n<h2 class=\"wp-block-heading\"><strong> Combina\u021bii de culori pentru manichiura cu gel alb <\/strong><\/h2>\n\n\n\n<p>\u00ce\u021bi plac combina\u021biile de culori? Atunci ai un motiv \u00een plus s\u0103 continui s\u0103 cite\u0219ti. Sigur o sa \u00ee\u021bi dore\u0219ti s\u0103 le testezi, asta dac\u0103 nu le-ai \u00eencercat deja. \u021ai-am preg\u0103tit c\u00e2teva idei interesante:<\/p>\n\n\n\n<ul class=\"wp-block-list\">\n<li>Alb \u0219i roz: pentru a ob\u021bine un look delicat, feminin \u0219i boem, opteaz\u0103 pentru combina\u021bia dintre alb \u0219i roz pal. Vei ob\u021bine o manichiur\u0103 discret\u0103 \u0219i romantic\u0103. O idee foarte bun\u0103 ar fi tehnica ombre;<\/li>\n\n\n\n<li>Alb \u0219i albastru deschis: prim\u0103vara, atunci c\u00e2nd natura rena\u0219te, sau var\u0103, \u00een plin sezon estival, po\u021bi combina albul cu albastrul deschis. Vei ob\u021bine un look fresh, \u00een ton cu zilele de vacan\u021b\u0103;<\/li>\n\n\n\n<li>Alb \u0219i negru: dac\u0103 preferi stilul minimalist cu accente grafice, \u00eencearc\u0103 aceast\u0103 combina\u021bie. Dungi, puncte, modele abstracte \u0219i alte modele geometrice \u2013 negrul se potrive\u0219te foarte bine aici;<\/li>\n\n\n\n<li>Alb \u0219i ro\u0219u: dac\u0103 e\u0219ti o romantic\u0103 incurabil\u0103, po\u021bi alege aceast\u0103 idee oric\u00e2nd, nu doar \u00een luna februarie. Pe o baz\u0103 alb\u0103, aplic\u0103 inimioare, floricele sau alte detalii romantice.\u00a0<\/li>\n<\/ul>\n\n\n\n<h2 class=\"wp-block-heading\"><strong> \u00centre\u021binerea unghiilor albe cu gel <\/strong><\/h2>\n\n\n\n<p>Unghiile cu gel, cele aplicate corect, sunt cunoscute pentru rezisten\u021b\u0103 pe termen lung. Cu toate acestea, culorile deschise sunt sensibile la pete \u0219i zg\u00e2rieturi. \u021ai-am preg\u0103tit c\u00e2teva sfaturi utile pentru \u00eentre\u021binerea lor.&nbsp;<\/p>\n\n\n\n<h4 class=\"wp-block-heading\"><strong> Sfaturi care te ajut\u0103 s\u0103 men\u021bii albul str\u0103lucitor <\/strong><\/h4>\n\n\n\n<p>Cel mai important sfat pe care \u00eel po\u021bi primi este s\u0103 folose\u0219ti materiale de calitate, dar vom explora acest subiect mai jos. P\u00e2n\u0103 s\u0103 ajungem acolo, punct\u0103m c\u00e2teva reguli aplicate culorilor deschise:<\/p>\n\n\n\n<ul class=\"wp-block-list\">\n<li>Poart\u0103 m\u0103nu\u0219i c\u00e2nd folose\u0219ti detergen\u021bi, \u00een\u0103lbitori \u0219i alte substan\u021be chimice care pot p\u0103ta;\u00a0<\/li>\n\n\n\n<li>Evit\u0103 fumatul frecvent \u0219i contactul permanent cu produsele colorate. Albul se p\u0103teaz\u0103 u\u0219or;<\/li>\n\n\n\n<li>Aplic\u0103 un strat suplimentar de top coat pentru protec\u021bie la fiecare 5 zile;\u00a0<\/li>\n\n\n\n<li>Nu folosi perii abrazive pentru a-\u021bi cur\u0103\u021ba unghiile.\u00a0<\/li>\n<\/ul>\n\n\n\n<h4 class=\"wp-block-heading\"><strong> Produse recomandate pentru \u00eengrijirea unghiilor <\/strong><\/h4>\n\n\n\n<p>At\u00e2t de multe modele de unghii albe cu gel? Da, dar este important s\u0103 \u0219tii cum s\u0103 le \u00eengrije\u0219ti. Doar a\u0219a te po\u021bi bucura de rezultatele ob\u021binute pe termen lung. Pentru a men\u021bine manichiura \u00een stare excelent\u0103, trebuie s\u0103 folose\u0219ti <a href=\"https:\/\/www.tienda.ro\/216-lichide-tehnice\">produse de \u00eengrijire pentru unghii<\/a> recomandate \u0219i testate de c\u0103tre cei mai iscusi\u021bi tehnicieni. C\u00e2teva recomand\u0103ri:&nbsp;<\/p>\n\n\n\n<ul class=\"wp-block-list\">\n<li>Solu\u021bii pentru cur\u0103\u021barea \u0219i degresarea unghiilor;<\/li>\n\n\n\n<li>Uleiuri pentru cuticule;<\/li>\n\n\n\n<li>Lichide tehnice pentru \u00eentre\u021binere \u0219i corec\u021bii;<\/li>\n\n\n\n<li>Creme hidratante.<\/li>\n<\/ul>\n\n\n\n<h4 class=\"wp-block-heading\"><strong> Gre\u0219eli frecvente de \u00eentre\u021binere <\/strong><\/h4>\n\n\n\n<p>Nu putem pune punct final f\u0103r\u0103 s\u0103-\u021bi amintim c\u0103 exist\u0103 c\u00e2teva obiceiuri care pot afecta rezisten\u021ba \u0219i aspectul unghiilor cu gel. Vorbim despre:<\/p>\n\n\n\n<ul class=\"wp-block-list\">\n<li>For\u021barea unghiilor: utilizarea acestora pe post de instrumente pentru a deschide ambalaje;<\/li>\n\n\n\n<li>Neglijarea cuticulelor: cuticulele uscate ofer\u0103 un aspect ne\u00eengrijit;<\/li>\n\n\n\n<li>Aplicarea produselor necompatibile: acetona agresiv\u0103 poate afecta nuan\u021ba.\u00a0<\/li>\n<\/ul>\n\n\n\n<p>Fie c\u0103 optezi pentru unghii albe lungi sau scurte, acestea se vor adapta perfect stilului t\u0103u de via\u021b\u0103 \u2013 acum la birou \u0219i dup\u0103 pe covorul ro\u0219u. Alege-le cu \u00eencredere!&nbsp;<\/p>\n\n\n\n<p><\/p>\n","protected":false},"excerpt":{"rendered":"<p>Idei de unghii albe pentru ocazii speciale C\u00e2nd ai purtat ultima dat\u0103 unghii albe? Poate c\u0103 a trecut ceva timp. Indiferent de forma sau lungimea unghiei, albul este alegerea ideal\u0103 atunci c\u00e2nd urmeaz\u0103 s\u0103 participi la un eveniment important. Nu trebuie s\u0103-\u021bi faci griji \u00een privin\u021ba \u021binutei \u2013 se potrive\u0219te cu orice. Tentant, nu-i a\u0219a? [&hellip;]<\/p>\n","protected":false},"author":2,"featured_media":1657,"comment_status":"open","ping_status":"open","sticky":false,"template":"","format":"standard","meta":{"footnotes":""},"categories":[10],"tags":[],"class_list":["post-1644","post","type-post","status-publish","format-standard","has-post-thumbnail","hentry","category-galerie-unghiute"],"_links":{"self":[{"href":"https:\/\/www.tienda.ro\/blog\/wp-json\/wp\/v2\/posts\/1644","targetHints":{"allow":["GET"]}}],"collection":[{"href":"https:\/\/www.tienda.ro\/blog\/wp-json\/wp\/v2\/posts"}],"about":[{"href":"https:\/\/www.tienda.ro\/blog\/wp-json\/wp\/v2\/types\/post"}],"author":[{"embeddable":true,"href":"https:\/\/www.tienda.ro\/blog\/wp-json\/wp\/v2\/users\/2"}],"replies":[{"embeddable":true,"href":"https:\/\/www.tienda.ro\/blog\/wp-json\/wp\/v2\/comments?post=1644"}],"version-history":[{"count":4,"href":"https:\/\/www.tienda.ro\/blog\/wp-json\/wp\/v2\/posts\/1644\/revisions"}],"predecessor-version":[{"id":1664,"href":"https:\/\/www.tienda.ro\/blog\/wp-json\/wp\/v2\/posts\/1644\/revisions\/1664"}],"wp:featuredmedia":[{"embeddable":true,"href":"https:\/\/www.tienda.ro\/blog\/wp-json\/wp\/v2\/media\/1657"}],"wp:attachment":[{"href":"https:\/\/www.tienda.ro\/blog\/wp-json\/wp\/v2\/media?parent=1644"}],"wp:term":[{"taxonomy":"category","embeddable":true,"href":"https:\/\/www.tienda.ro\/blog\/wp-json\/wp\/v2\/categories?post=1644"},{"taxonomy":"post_tag","embeddable":true,"href":"https:\/\/www.tienda.ro\/blog\/wp-json\/wp\/v2\/tags?post=1644"}],"curies":[{"name":"wp","href":"https:\/\/api.w.org\/{rel}","templated":true}]}}