{"id":1608,"date":"2025-06-06T11:03:22","date_gmt":"2025-06-06T11:03:22","guid":{"rendered":"https:\/\/www.tienda.ro\/blog\/?p=1608"},"modified":"2025-06-06T11:13:48","modified_gmt":"2025-06-06T11:13:48","slug":"black-friday-de-vara-la-tienda","status":"publish","type":"post","link":"https:\/\/www.tienda.ro\/blog\/black-friday-de-vara-la-tienda\/","title":{"rendered":"BLACK FRIDAY DE VAR\u0102 \u2013 R\u0103sfa\u021b\u0103-te cu reduceri \u0219i cadouri"},"content":{"rendered":"\n<figure class=\"wp-block-image size-large is-resized\"><a href=\"https:\/\/www.tienda.ro\/1021-reduceri\" target=\"_blank\" rel=\" noreferrer noopener\"><img fetchpriority=\"high\" decoding=\"async\" width=\"1024\" height=\"1024\" src=\"https:\/\/www.tienda.ro\/blog\/wp-content\/uploads\/2025\/06\/criteo1440x1440-1024x1024.jpg\" alt=\"\" class=\"wp-image-1611\" style=\"width:519px;height:auto\" srcset=\"https:\/\/www.tienda.ro\/blog\/wp-content\/uploads\/2025\/06\/criteo1440x1440-1024x1024.jpg 1024w, https:\/\/www.tienda.ro\/blog\/wp-content\/uploads\/2025\/06\/criteo1440x1440-300x300.jpg 300w, https:\/\/www.tienda.ro\/blog\/wp-content\/uploads\/2025\/06\/criteo1440x1440-150x150.jpg 150w, https:\/\/www.tienda.ro\/blog\/wp-content\/uploads\/2025\/06\/criteo1440x1440-768x768.jpg 768w, https:\/\/www.tienda.ro\/blog\/wp-content\/uploads\/2025\/06\/criteo1440x1440.jpg 1440w\" sizes=\"(max-width: 1024px) 100vw, 1024px\" \/><\/a><\/figure>\n\n\n\n<p>Este black friday de var\u0103 pe site-ul nostru! Soarele nu este singurul care str\u0103luce\u0219te. Acum \u0219i ofertele noastre o fac. Imagineaz\u0103-\u021bi doar c\u0103 po\u021bi realiza manichiura de vis cu acelea\u0219i produse de top, la pre\u021buri mai accesibile ca niciodat\u0103! Parcurg\u00e2nd articolul p\u00e2n\u0103 la cap\u0103t, vei descoperi noile lans\u0103ri, produsele incluse \u00een campanie \u0219i pa\u0219ii pe care trebuie s\u0103-i urmezi pentru a primi un Goodie Bag de la Tienda. Gr\u0103be\u0219te-te s\u0103 prinzi valul reducerilor!&nbsp;&nbsp;<\/p>\n\n\n\n<h2 class=\"wp-block-heading\"><strong> C\u00e2nd \u00eencepe Black Friday de var\u0103 la Tienda? <\/strong><\/h2>\n\n\n\n<p>Finalul lunii mai marcheaz\u0103 \u00eenceputul sezonului cald, iar la noi, asta \u00eenseamn\u0103 un singur lucru: black friday de var\u0103. Dedic\u0103m aceast\u0103 perioad\u0103 tuturor iubitoarelor de frumos \u2013 cele care \u0219tiu c\u00e2t de important este s\u0103 por\u021bi ceea ce te define\u0219te. \u00cencep\u00e2nd cu 30 mai \u0219i p\u00e2n\u0103 pe 16 iunie, po\u021bi beneficia de reduceri de var\u0103 la produsele selec\u021bionate. <\/p>\n\n\n\n<h2 class=\"wp-block-heading\"><strong> \u00cen ce const\u0103 Black Friday de var\u0103? <\/strong><\/h2>\n\n\n\n<p>Black Friday de var\u0103 \u00ee\u021bi ofer\u0103 acces la produsele preferate, acum cu un pre\u021b redus, dar \u0219i la alte surprize care te vor cuceri de la prima vedere. Reducerile de var\u0103 sunt aici pentru a-\u021bi \u00eencepe sezonul \u00eentr-un mare stil, fix a\u0219a cum \u00ee\u021bi place. P\u00e2n\u0103 pe 16 iunie, ai ocazia s\u0103 te r\u0103sfe\u021bi cu un Goodie Bag personalizat, pe care \u00eel creezi chiar tu, aleg\u00e2nd produsele preferate. \u00cen plus, ai acces la cele mai recente lans\u0103ri de produse de pe site \u2014 perfecte pentru a-\u021bi \u00eencepe vara cu masa de lucru plin\u0103. Putem spune c\u0103 sezonul acesta \u00eencepe cu trei ve\u0219ti excelente:<\/p>\n\n\n\n<ul class=\"wp-block-list\">\n<li>Reduceri de var\u0103 la produsele tale favorite<\/li>\n\n\n\n<li>Goodie Bag creat de tine<\/li>\n\n\n\n<li>Lans\u0103ri noi dedicate \u00eengrijirii unghiilor<\/li>\n<\/ul>\n\n\n\n<h2 class=\"wp-block-heading\"><strong> Reduceri de p\u00e2n\u0103 la -80% la produsele pentru unghii <\/strong><\/h2>\n\n\n\n<p>E summer black friday la Tienda, iar ve\u0219tile bune \u00eencep chiar acum. Prima surpriz\u0103 \u021bi-a dep\u0103\u0219it deja a\u0219tept\u0103rile: te bucuri de reduceri de p\u00e2n\u0103 la -80% la toate produsele tale preferate pentru unghii \u2014 de la produse de tip Acrylgel sau Bottle Builder Hema free, p\u00e2n\u0103 la accesorii \u0219i ustensile profesionale.&nbsp;<\/p>\n\n\n\n<p>Black friday vara \u00eenseamn\u0103 reduceri substan\u021biale pentru toat\u0103 lumea \u2013 de la cele care fac din nail art o profesie p\u00e2n\u0103 la cele care iubesc s\u0103-\u0219i \u00eengrijeasc\u0103 manichiura, folosind produse de calitate. Acum ai acces la cele mai a\u0219teptate <a href=\"https:\/\/www.tienda.ro\/1021-reduceri\">oferte de var\u0103<\/a>. Bucur\u0103-te de toate!&nbsp;<\/p>\n\n\n\n<h4 class=\"wp-block-heading\"><strong> Categorii de produse incluse \u00een promo\u021bie <\/strong><\/h4>\n\n\n\n<p>Tienda \u021bi-a preg\u0103tit mai multe oferte de var\u0103. Pe toat\u0103 perioada campaniei, po\u021bi beneficia de -25%, -35%, -40%, -50%, -70% \u0219i chiar p\u00e2n\u0103 la -80% reducere la produsele tale preferate. Ce po\u021bi achizi\u021biona la pre\u021b redus? Tot ceea ce ai nevoie pentru o manichiur\u0103 complet\u0103, rezistent\u0103 \u0219i cu un aspect deosebit\u2013 de la baz\u0103 rubber, acrylgel sau oj\u0103 semipermanent\u0103 p\u00e2n\u0103 la accesorii, instrumente sau kit-uri. Campania este g\u00e2ndit\u0103 \u00een a\u0219a fel \u00eenc\u00e2t s\u0103 po\u021bi \u00eencepe vara cu bucurie. Iat\u0103, mai exact, care sunt categoriile de produse incluse \u00een promo\u021bie:&nbsp;<\/p>\n\n\n\n<ul class=\"wp-block-list\">\n<li>POLYGEL<\/li>\n\n\n\n<li>ACCESORII<\/li>\n\n\n\n<li>ACRYLGEL<\/li>\n\n\n\n<li>APARATURA<\/li>\n\n\n\n<li>BAZE RUBBER<\/li>\n\n\n\n<li>BOTTLE BUILDER<\/li>\n\n\n\n<li>GEL UV<\/li>\n\n\n\n<li>GELAXYO HEMA FREE<\/li>\n\n\n\n<li>GELAXYO NAIL ART<\/li>\n\n\n\n<li>INSTRUMENTE GELAXYO<\/li>\n\n\n\n<li>KITURI MANICHIURA<\/li>\n\n\n\n<li>OJE SEMIPERMANENTE<\/li>\n\n\n\n<li>TOP COATS<\/li>\n<\/ul>\n\n\n\n<h2 class=\"wp-block-heading\"><strong> Cum beneficiezi de cadouri la fiecare comand\u0103? <\/strong><\/h2>\n\n\n\n<p>Comand\u0103 de minimum 99 de lei \u0219i alege-\u021bi cadourile preferate dintr-o selec\u021bie variat\u0103 de produse pentru realizarea \u0219i \u00eengrijirea manichiurii! A\u0219a \u00eencepe vara pentru tine. Asta \u00eenseamn\u0103 black friday de var\u0103 \u0219i acesta este modul nostru de a-\u021bi spune c\u0103 faci alegeri excelente, c\u0103 unghiile tale merit\u0103 totul.&nbsp;<\/p>\n\n\n\n<p>Fiecare comand\u0103, care porne\u0219te de la suma minim\u0103, \u00ee\u021bi ofer\u0103 din start o surpriz\u0103. Ai libertatea de a-\u021bi alege singur\u0103 cadoul \u0219i, \u00een plus, cu c\u00e2t comanzi mai mult, cu at\u00e2t prime\u0219ti mai multe cadouri. Astfel, primul prag este de 99 de lei \u0219i urmeaz\u0103, pe r\u00e2nd: pragul de 160 de lei, pragul de 200 de lei, pragul de 300 de lei, pragul de 400 de lei, pragul de 500 de lei \u0219i pragul de 800 de lei.&nbsp;<\/p>\n\n\n\n<h2 class=\"wp-block-heading\"><strong>Cum \u00ee\u021bi creezi propriul Goodie Bag perfect pentru tine?<\/strong><\/h2>\n\n\n\n<p>Goodie Bag-ul de la Tienda \u00ee\u021bi ofer\u0103 posibilitatea de a \u00eencepe vara al\u0103turi de produsele tale preferate, primite cadou la fiecare achizi\u021bie din site. Iat\u0103 cum func\u021bioneaz\u0103:&nbsp;<\/p>\n\n\n\n<ul class=\"wp-block-list\">\n<li>Pasul 1: Intri pe site, analizezi ofertele noastre \u0219i adaugi \u00een co\u0219ul de cump\u0103r\u0103turi produsele care \u00ee\u021bi fac cu ochiul;\u00a0<\/li>\n\n\n\n<li>Pasul 2: \u00cen pagina co\u0219ului de cump\u0103r\u0103turi, va ap\u0103rea sec\u021biunea cu produse gratuite. Bifeaz\u0103-le pe cele care \u00ee\u021bi plac. Nu uita c\u0103 fiecare bif\u0103 va ad\u0103uga automat produsul cadou \u00een co\u0219ul creat de tine cu ocazia campaniei black friday de var\u0103;<\/li>\n\n\n\n<li>Pasul 3: \u00cenainte de a trimite comanda, verific\u0103 co\u0219ul de cump\u0103r\u0103turi \u2013 trebuie s\u0103 ai acolo toate produsele cadou dorite;<\/li>\n\n\n\n<li>Pasul 4: Finalizeaz\u0103 comanda.<\/li>\n<\/ul>\n\n\n\n<p>\u00ce\u021bi reamintim c\u0103 \u00ee\u021bi po\u021bi alege preferatele dintr-o selec\u021bie variat\u0103 de produse, iar cu c\u00e2t comanzi mai mult, cu at\u00e2t ai acces la mai multe op\u021biuni. <a href=\"https:\/\/www.tienda.ro\/1021-reduceri\">Comand\u0103 acum<\/a> \u0219i bucur\u0103-te de var\u0103!&nbsp;<\/p>\n\n\n\n<h4 class=\"wp-block-heading\"><strong> Care este valoarea maxim\u0103 pentru Goodie Bag? <\/strong><\/h4>\n\n\n\n<p>Reducerile de var\u0103 vin cu surprize care \u00ee\u021bi vor dep\u0103\u0219i cu mult a\u0219tept\u0103rile! Po\u021bi ad\u0103uga \u00een co\u0219ul de cump\u0103r\u0103turi produse cadou de la Tienda \u00een valoare total\u0103 de p\u00e2n\u0103 la 400 de lei, \u00een func\u021bie de pragul de achizi\u021bie atins. Astfel, pe perioada campaniei black friday de var\u0103, prime\u0219ti cadou produse de calitate, pe care deja le cuno\u0219ti \u0219i pe care, cu siguran\u021b\u0103, \u021bi-ai dori s\u0103 le \u00eencerci.&nbsp;<\/p>\n\n\n\n<p>Profit\u0103 de aceast\u0103 oportunitate \u0219i bucur\u0103-te de un Goodie Bag generos, creat special pentru tine! Tu alegi produsele, tu te bucuri de ele. Asta \u00eenseamn\u0103 s\u0103 ai acces la reduceri de var\u0103 substan\u021biale.&nbsp;<\/p>\n\n\n\n<h2 class=\"wp-block-heading\"><strong> Lansare colec\u021bie Viva La Tienda <strong>Acrylgel<\/strong> Soft Shine <\/strong><\/h2>\n\n\n\n<p>Shine! Shine! Shine! E timpul s\u0103 str\u0103luce\u0219ti cu Viva La Tienda Acrylgel Soft Shine \u2013 o colec\u021bie care combin\u0103 duritatea acrilului cu flexibilitatea gelului, ideal\u0103 petru protec\u021bie sau manichiur\u0103 cu extensii. Acrylgel Soft Shine se modeleaz\u0103 cu Nail Cleaner \u0219i se \u00eent\u0103re\u0219te la lumin\u0103 UV sau LED. Noua gam\u0103 disponibil\u0103 \u00een site con\u021bine 9 culori elegante, cu sclipici fin. Este o gam\u0103 ce eman\u0103 rafinament \u0219i simplitate. Este o gam\u0103 care te va cuceri. Prinde \u0219i tu reducerile de var\u0103!<\/p>\n\n\n\n<p><strong>VIVA LA TIENDA POLYGEL Soft Shine 01 &#8211; Ice Diamond &#8211; 30ml<\/strong><\/p>\n\n\n\n<figure class=\"wp-block-image size-large is-resized\"><a href=\"https:\/\/www.tienda.ro\/viva-la-tienda-soft-shine\/12056-viva-la-tienda-polygel-soft-shine-01-ice-diamond-30ml.html\" target=\"_blank\" rel=\" noreferrer noopener\"><img decoding=\"async\" width=\"1024\" height=\"1024\" src=\"https:\/\/www.tienda.ro\/blog\/wp-content\/uploads\/2025\/06\/Soft-Shine-01-30ml-1024x1024.jpg\" alt=\"\" class=\"wp-image-1615\" style=\"width:293px;height:auto\" srcset=\"https:\/\/www.tienda.ro\/blog\/wp-content\/uploads\/2025\/06\/Soft-Shine-01-30ml-1024x1024.jpg 1024w, https:\/\/www.tienda.ro\/blog\/wp-content\/uploads\/2025\/06\/Soft-Shine-01-30ml-300x300.jpg 300w, https:\/\/www.tienda.ro\/blog\/wp-content\/uploads\/2025\/06\/Soft-Shine-01-30ml-150x150.jpg 150w, https:\/\/www.tienda.ro\/blog\/wp-content\/uploads\/2025\/06\/Soft-Shine-01-30ml-768x768.jpg 768w, https:\/\/www.tienda.ro\/blog\/wp-content\/uploads\/2025\/06\/Soft-Shine-01-30ml.jpg 1440w\" sizes=\"(max-width: 1024px) 100vw, 1024px\" \/><\/a><\/figure>\n\n\n\n<p><strong>VIVA LA TIENDA POLYGEL Soft Shine 03 &#8211; Shining Pearl &#8211; 30ml<\/strong><\/p>\n\n\n\n<figure class=\"wp-block-image size-large is-resized\"><a href=\"https:\/\/www.tienda.ro\/viva-la-tienda-soft-shine\/12059-viva-la-tienda-polygel-soft-shine-03-shining-pearl-15ml.html\" target=\"_blank\" rel=\" noreferrer noopener\"><img decoding=\"async\" width=\"1024\" height=\"1024\" src=\"https:\/\/www.tienda.ro\/blog\/wp-content\/uploads\/2025\/06\/Soft-Shine-03-30ml-1024x1024.jpg\" alt=\"\" class=\"wp-image-1616\" style=\"width:296px;height:auto\" srcset=\"https:\/\/www.tienda.ro\/blog\/wp-content\/uploads\/2025\/06\/Soft-Shine-03-30ml-1024x1024.jpg 1024w, https:\/\/www.tienda.ro\/blog\/wp-content\/uploads\/2025\/06\/Soft-Shine-03-30ml-300x300.jpg 300w, https:\/\/www.tienda.ro\/blog\/wp-content\/uploads\/2025\/06\/Soft-Shine-03-30ml-150x150.jpg 150w, https:\/\/www.tienda.ro\/blog\/wp-content\/uploads\/2025\/06\/Soft-Shine-03-30ml-768x768.jpg 768w, https:\/\/www.tienda.ro\/blog\/wp-content\/uploads\/2025\/06\/Soft-Shine-03-30ml.jpg 1440w\" sizes=\"(max-width: 1024px) 100vw, 1024px\" \/><\/a><\/figure>\n\n\n\n<p><strong>VIVA LA TIENDA POLYGEL Soft Shine 08 &#8211; Shimmer Peach &#8211; 30ml<\/strong><\/p>\n\n\n\n<figure class=\"wp-block-image size-large is-resized\"><a href=\"https:\/\/www.tienda.ro\/viva-la-tienda-soft-shine\/12070-viva-la-tienda-polygel-soft-shine-08-shimmer-peach-30ml.html\" target=\"_blank\" rel=\" noreferrer noopener\"><img loading=\"lazy\" decoding=\"async\" width=\"1024\" height=\"1024\" src=\"https:\/\/www.tienda.ro\/blog\/wp-content\/uploads\/2025\/06\/Soft-Shine-08-30ml-1024x1024.jpg\" alt=\"\" class=\"wp-image-1617\" style=\"width:304px;height:auto\" srcset=\"https:\/\/www.tienda.ro\/blog\/wp-content\/uploads\/2025\/06\/Soft-Shine-08-30ml-1024x1024.jpg 1024w, https:\/\/www.tienda.ro\/blog\/wp-content\/uploads\/2025\/06\/Soft-Shine-08-30ml-300x300.jpg 300w, https:\/\/www.tienda.ro\/blog\/wp-content\/uploads\/2025\/06\/Soft-Shine-08-30ml-150x150.jpg 150w, https:\/\/www.tienda.ro\/blog\/wp-content\/uploads\/2025\/06\/Soft-Shine-08-30ml-768x768.jpg 768w, https:\/\/www.tienda.ro\/blog\/wp-content\/uploads\/2025\/06\/Soft-Shine-08-30ml.jpg 1440w\" sizes=\"(max-width: 1024px) 100vw, 1024px\" \/><\/a><\/figure>\n\n\n\n<h2 class=\"wp-block-heading\"><strong>Lansare colec\u021bie Viva La Tienda Acrylgel Candy Vibes <\/strong><\/h2>\n\n\n\n<p>Black friday de vara e extra \u2013 extravagant, electrizant cu Viva La Tienda Acrylgel Candy Vibes. Noua colec\u021bie con\u021bine 10 culori vibrante (de la lime fizz \u0219i minty splash p\u00e2n\u0103 la flamingo rose \u0219i coral bloom), ideale pentru unghii electrizante \u0219i extravagante. Formula hibrid\u0103 ofer\u0103 elasticitate, duritate \u0219i adrene\u021b\u0103. Acrylgelul Candy Vibes nu are miros \u0219i nu se lipe\u0219te de pesnul\u0103. Se modeleaz\u0103 cu u\u0219urin\u021b\u0103 \u0219i se pile\u0219te rapid. Este ideal pentru construc\u021bii pe \u0219ablon, pentru tipsuri reutilizabile sau pentru french de interior. Reducerile de var\u0103 sunt create pe gustul t\u0103u. La fel \u0219i noile lans\u0103ri Tienda.&nbsp;<\/p>\n\n\n\n<p><strong>VIVA LA TIENDA POLYGEL Candy Vibes 05 &#8211; Barbie Pink &#8211; 30ml<\/strong><\/p>\n\n\n\n<figure class=\"wp-block-image size-large is-resized\"><a href=\"https:\/\/www.tienda.ro\/viva-la-tienda-candy-vibes\/12041-viva-la-tienda-acrylgel-candy-vibes-05-barbie-pink-30ml.html\" target=\"_blank\" rel=\" noreferrer noopener\"><img loading=\"lazy\" decoding=\"async\" width=\"1024\" height=\"1024\" src=\"https:\/\/www.tienda.ro\/blog\/wp-content\/uploads\/2025\/06\/Candy-Vibes-05-30ml-1024x1024.jpg\" alt=\"\" class=\"wp-image-1612\" style=\"width:303px;height:auto\" srcset=\"https:\/\/www.tienda.ro\/blog\/wp-content\/uploads\/2025\/06\/Candy-Vibes-05-30ml-1024x1024.jpg 1024w, https:\/\/www.tienda.ro\/blog\/wp-content\/uploads\/2025\/06\/Candy-Vibes-05-30ml-300x300.jpg 300w, https:\/\/www.tienda.ro\/blog\/wp-content\/uploads\/2025\/06\/Candy-Vibes-05-30ml-150x150.jpg 150w, https:\/\/www.tienda.ro\/blog\/wp-content\/uploads\/2025\/06\/Candy-Vibes-05-30ml-768x768.jpg 768w, https:\/\/www.tienda.ro\/blog\/wp-content\/uploads\/2025\/06\/Candy-Vibes-05-30ml.jpg 1440w\" sizes=\"(max-width: 1024px) 100vw, 1024px\" \/><\/a><\/figure>\n\n\n\n<p><strong>VIVA LA TIENDA POLYGEL Candy Vibes 07 &#8211; Tropical Wave &#8211; 30ml<\/strong><\/p>\n\n\n\n<figure class=\"wp-block-image size-large is-resized\"><a href=\"https:\/\/www.tienda.ro\/viva-la-tienda-candy-vibes\/12045-viva-la-tienda-polygel-candy-vibes-07-tropical-wave-30ml.html\" target=\"_blank\" rel=\" noreferrer noopener\"><img loading=\"lazy\" decoding=\"async\" width=\"1024\" height=\"1024\" src=\"https:\/\/www.tienda.ro\/blog\/wp-content\/uploads\/2025\/06\/Candy-Vibes-07-30ml-1024x1024.jpg\" alt=\"\" class=\"wp-image-1613\" style=\"width:311px;height:auto\" srcset=\"https:\/\/www.tienda.ro\/blog\/wp-content\/uploads\/2025\/06\/Candy-Vibes-07-30ml-1024x1024.jpg 1024w, https:\/\/www.tienda.ro\/blog\/wp-content\/uploads\/2025\/06\/Candy-Vibes-07-30ml-300x300.jpg 300w, https:\/\/www.tienda.ro\/blog\/wp-content\/uploads\/2025\/06\/Candy-Vibes-07-30ml-150x150.jpg 150w, https:\/\/www.tienda.ro\/blog\/wp-content\/uploads\/2025\/06\/Candy-Vibes-07-30ml-768x768.jpg 768w, https:\/\/www.tienda.ro\/blog\/wp-content\/uploads\/2025\/06\/Candy-Vibes-07-30ml.jpg 1440w\" sizes=\"(max-width: 1024px) 100vw, 1024px\" \/><\/a><\/figure>\n\n\n\n<p><strong>VIVA LA TIENDA POLYGEL Candy Vibes 08 &#8211; Minty Splash &#8211; 30ml<\/strong><\/p>\n\n\n\n<figure class=\"wp-block-image size-large is-resized\"><a href=\"https:\/\/www.tienda.ro\/viva-la-tienda-candy-vibes\/12047-viva-la-tienda-polygel-candy-vibes-08-minty-splash-30ml.html\" target=\"_blank\" rel=\" noreferrer noopener\"><img loading=\"lazy\" decoding=\"async\" width=\"1024\" height=\"1024\" src=\"https:\/\/www.tienda.ro\/blog\/wp-content\/uploads\/2025\/06\/Candy-Vibes-08-30ml-1024x1024.jpg\" alt=\"\" class=\"wp-image-1614\" style=\"width:320px;height:auto\" srcset=\"https:\/\/www.tienda.ro\/blog\/wp-content\/uploads\/2025\/06\/Candy-Vibes-08-30ml-1024x1024.jpg 1024w, https:\/\/www.tienda.ro\/blog\/wp-content\/uploads\/2025\/06\/Candy-Vibes-08-30ml-300x300.jpg 300w, https:\/\/www.tienda.ro\/blog\/wp-content\/uploads\/2025\/06\/Candy-Vibes-08-30ml-150x150.jpg 150w, https:\/\/www.tienda.ro\/blog\/wp-content\/uploads\/2025\/06\/Candy-Vibes-08-30ml-768x768.jpg 768w, https:\/\/www.tienda.ro\/blog\/wp-content\/uploads\/2025\/06\/Candy-Vibes-08-30ml.jpg 1440w\" sizes=\"(max-width: 1024px) 100vw, 1024px\" \/><\/a><\/figure>\n\n\n\n<h2 class=\"wp-block-heading\"><strong> Lansare colec\u021bie Gelaxyo xoxo Annelisa Polyacryl Gel <\/strong><\/h2>\n\n\n\n<p>Colec\u021bia Gelaxyo xoxo Annelisa Polyacryl Gel este creat\u0103 \u00een colaborare cu Annelisa Niculae, trainer \u00een manichiura tehnic\u0103, \u0219i Gelaxyo, brand cu 10 ani de experien\u021b\u0103. Polyacrylul \u00een culori intense beneficiaz\u0103 de o formula HEMA FREE, ultra-plastic\u0103 \u0219i ultra u\u0219oar\u0103. Fiecare produs disponibil \u00een colec\u021bie se aplic\u0103 \u0219i se modeleaz\u0103 u\u0219or, se polimerizeaz\u0103 rapid, chiar \u0219i \u00een straturi groase, f\u0103r\u0103 arsuri. Este o formul\u0103 conceput\u0103 pentru \u0219ablon sau tipsuri reutilizabile.&nbsp;<\/p>\n\n\n\n<p>Colec\u021bie Gelaxyo xoxo Annelisa Polyacryl Gel \u00eenseamn\u0103 echilibru \u2013 tehnologie \u0219i practic\u0103 \u00eentr-un singur produs u\u0219or de controlat, \u00een culori intense \u0219i pigmentate. Ambalajul este g\u00e2ndit pentru cele care apreciaz\u0103 detaliile: un tub flexibil cu liner metalizat, sigilat cu folie de aluminiu. Spune \u201eda\u201d campaniei black friday de var\u0103 \u0219i descoper\u0103 aceast\u0103 colec\u021bie!&nbsp;<\/p>\n\n\n\n<p><strong>GELAXYO XOXO ANNELISA &#8211; POLYACRYL GLITTER PEACH 30ml<br><\/strong><\/p>\n\n\n\n<figure class=\"wp-block-image size-large is-resized\"><a href=\"https:\/\/www.tienda.ro\/gelaxyo-xoxo-annelisa\/11987-gelaxyo-xoxo-annelisa-polyacryl-glitter-peach-30ml.html\" target=\"_blank\" rel=\" noreferrer noopener\"><img loading=\"lazy\" decoding=\"async\" width=\"1024\" height=\"1024\" src=\"https:\/\/www.tienda.ro\/blog\/wp-content\/uploads\/2025\/06\/Glitter-Peach-102232-1024x1024.jpg\" alt=\"\" class=\"wp-image-1618\" style=\"width:293px;height:auto\" srcset=\"https:\/\/www.tienda.ro\/blog\/wp-content\/uploads\/2025\/06\/Glitter-Peach-102232-1024x1024.jpg 1024w, https:\/\/www.tienda.ro\/blog\/wp-content\/uploads\/2025\/06\/Glitter-Peach-102232-300x300.jpg 300w, https:\/\/www.tienda.ro\/blog\/wp-content\/uploads\/2025\/06\/Glitter-Peach-102232-150x150.jpg 150w, https:\/\/www.tienda.ro\/blog\/wp-content\/uploads\/2025\/06\/Glitter-Peach-102232-768x768.jpg 768w, https:\/\/www.tienda.ro\/blog\/wp-content\/uploads\/2025\/06\/Glitter-Peach-102232.jpg 1440w\" sizes=\"(max-width: 1024px) 100vw, 1024px\" \/><\/a><\/figure>\n\n\n\n<p><strong>GELAXYO XOXO ANNELISA &#8211; POLYACRYL FAIRY WHITE 30ml<br><\/strong><\/p>\n\n\n\n<figure class=\"wp-block-image size-large is-resized\"><a href=\"https:\/\/www.tienda.ro\/gelaxyo-xoxo-annelisa\/11981-gelaxyo-xoxo-annelisa-polyacryl-fairy-white-30ml.html\" target=\"_blank\" rel=\" noreferrer noopener\"><img loading=\"lazy\" decoding=\"async\" width=\"1024\" height=\"1024\" src=\"https:\/\/www.tienda.ro\/blog\/wp-content\/uploads\/2025\/06\/Fairy-White102442-1024x1024.jpg\" alt=\"\" class=\"wp-image-1619\" style=\"width:298px;height:auto\" srcset=\"https:\/\/www.tienda.ro\/blog\/wp-content\/uploads\/2025\/06\/Fairy-White102442-1024x1024.jpg 1024w, https:\/\/www.tienda.ro\/blog\/wp-content\/uploads\/2025\/06\/Fairy-White102442-300x300.jpg 300w, https:\/\/www.tienda.ro\/blog\/wp-content\/uploads\/2025\/06\/Fairy-White102442-150x150.jpg 150w, https:\/\/www.tienda.ro\/blog\/wp-content\/uploads\/2025\/06\/Fairy-White102442-768x768.jpg 768w, https:\/\/www.tienda.ro\/blog\/wp-content\/uploads\/2025\/06\/Fairy-White102442.jpg 1440w\" sizes=\"(max-width: 1024px) 100vw, 1024px\" \/><\/a><\/figure>\n\n\n\n<p><strong>GELAXYO XOXO ANNELISA &#8211; POLYACRYL LILAC 30ml<\/strong><br><\/p>\n\n\n\n<figure class=\"wp-block-image size-large is-resized\"><a href=\"https:\/\/www.tienda.ro\/gelaxyo-xoxo-annelisa\/11979-gelaxyo-xoxo-annelisa-polyacryl-lilac-30ml.html\" target=\"_blank\" rel=\" noreferrer noopener\"><img loading=\"lazy\" decoding=\"async\" width=\"1024\" height=\"1024\" src=\"https:\/\/www.tienda.ro\/blog\/wp-content\/uploads\/2025\/06\/Lilac-102199-1024x1024.jpg\" alt=\"\" class=\"wp-image-1620\" style=\"width:304px;height:auto\" srcset=\"https:\/\/www.tienda.ro\/blog\/wp-content\/uploads\/2025\/06\/Lilac-102199-1024x1024.jpg 1024w, https:\/\/www.tienda.ro\/blog\/wp-content\/uploads\/2025\/06\/Lilac-102199-300x300.jpg 300w, https:\/\/www.tienda.ro\/blog\/wp-content\/uploads\/2025\/06\/Lilac-102199-150x150.jpg 150w, https:\/\/www.tienda.ro\/blog\/wp-content\/uploads\/2025\/06\/Lilac-102199-768x768.jpg 768w, https:\/\/www.tienda.ro\/blog\/wp-content\/uploads\/2025\/06\/Lilac-102199.jpg 1440w\" sizes=\"(max-width: 1024px) 100vw, 1024px\" \/><\/a><\/figure>\n\n\n\n<h2 class=\"wp-block-heading\"><strong> Lansare colec\u021bie Gelaxyo Eivissa Top Coat <\/strong><\/h2>\n\n\n\n<p>Black friday de var\u0103 \u00eenseamn\u0103 reduceri de var\u0103 \u0219i lans\u0103ri noi cu pre\u021b redus. Sunt colec\u021bii noi, g\u00e2ndite special pentru iubitoarele de frumos, pentru cele care \u0219i-au f\u0103cut deja o mie de planuri pentru sezonul cald. Inspirat\u0103 de energia insulei Ibiza, colec\u021bia Gelaxyo Eivissa Top Coat redefine\u0219te tot ceea ce credeai c\u0103 \u00eenseamn\u0103 lux. Fulgi multicolori, luciu intens \u0219i durabilitate \u2013 tot ceea ce \u00ee\u021bi dore\u0219ti, un look cameleonic \u0219i spectaculos. Colec\u021bia cuprinde 9 nuan\u021be vibrante, cameleonice, spectaculoase.&nbsp;<\/p>\n\n\n\n<p><strong>GELAXYO EIVISSA TOP COAT 01 7ml<br><\/strong><\/p>\n\n\n\n<figure class=\"wp-block-image size-large is-resized\"><a href=\"https:\/\/www.tienda.ro\/gelaxyo-eivissa-top\/11969-gelaxyo-eivissa-top-coat-01-7ml.html\" target=\"_blank\" rel=\" noreferrer noopener\"><img loading=\"lazy\" decoding=\"async\" width=\"1024\" height=\"1024\" src=\"https:\/\/www.tienda.ro\/blog\/wp-content\/uploads\/2025\/06\/ET1-Gelaxyo-Eivissa-TOP-1_pensula-1024x1024.jpg\" alt=\"\" class=\"wp-image-1621\" style=\"width:299px;height:auto\" srcset=\"https:\/\/www.tienda.ro\/blog\/wp-content\/uploads\/2025\/06\/ET1-Gelaxyo-Eivissa-TOP-1_pensula-1024x1024.jpg 1024w, https:\/\/www.tienda.ro\/blog\/wp-content\/uploads\/2025\/06\/ET1-Gelaxyo-Eivissa-TOP-1_pensula-300x300.jpg 300w, https:\/\/www.tienda.ro\/blog\/wp-content\/uploads\/2025\/06\/ET1-Gelaxyo-Eivissa-TOP-1_pensula-150x150.jpg 150w, https:\/\/www.tienda.ro\/blog\/wp-content\/uploads\/2025\/06\/ET1-Gelaxyo-Eivissa-TOP-1_pensula-768x768.jpg 768w, https:\/\/www.tienda.ro\/blog\/wp-content\/uploads\/2025\/06\/ET1-Gelaxyo-Eivissa-TOP-1_pensula.jpg 1440w\" sizes=\"(max-width: 1024px) 100vw, 1024px\" \/><\/a><\/figure>\n\n\n\n<p><strong>GELAXYO EIVISSA TOP COAT 07 7ml<br><\/strong><\/p>\n\n\n\n<figure class=\"wp-block-image size-large is-resized\"><a href=\"https:\/\/www.tienda.ro\/gelaxyo-eivissa-top\/11975-gelaxyo-eivissa-top-coat-07-7ml.html\" target=\"_blank\" rel=\" noreferrer noopener\"><img loading=\"lazy\" decoding=\"async\" width=\"1024\" height=\"1024\" src=\"https:\/\/www.tienda.ro\/blog\/wp-content\/uploads\/2025\/06\/ET7-Gelaxyo-Eivissa-TOP-7_pensula-1024x1024.jpg\" alt=\"\" class=\"wp-image-1622\" style=\"width:300px;height:auto\" srcset=\"https:\/\/www.tienda.ro\/blog\/wp-content\/uploads\/2025\/06\/ET7-Gelaxyo-Eivissa-TOP-7_pensula-1024x1024.jpg 1024w, https:\/\/www.tienda.ro\/blog\/wp-content\/uploads\/2025\/06\/ET7-Gelaxyo-Eivissa-TOP-7_pensula-300x300.jpg 300w, https:\/\/www.tienda.ro\/blog\/wp-content\/uploads\/2025\/06\/ET7-Gelaxyo-Eivissa-TOP-7_pensula-150x150.jpg 150w, https:\/\/www.tienda.ro\/blog\/wp-content\/uploads\/2025\/06\/ET7-Gelaxyo-Eivissa-TOP-7_pensula-768x768.jpg 768w, https:\/\/www.tienda.ro\/blog\/wp-content\/uploads\/2025\/06\/ET7-Gelaxyo-Eivissa-TOP-7_pensula.jpg 1440w\" sizes=\"(max-width: 1024px) 100vw, 1024px\" \/><\/a><\/figure>\n\n\n\n<p><strong>GELAXYO EIVISSA TOP COAT 08 7ml<\/strong><\/p>\n\n\n\n<figure class=\"wp-block-image size-large is-resized\"><a href=\"https:\/\/www.tienda.ro\/gelaxyo-eivissa-top\/11976-gelaxyo-eivissa-top-coat-08-7ml.html\" target=\"_blank\" rel=\" noreferrer noopener\"><img loading=\"lazy\" decoding=\"async\" width=\"1024\" height=\"1024\" src=\"https:\/\/www.tienda.ro\/blog\/wp-content\/uploads\/2025\/06\/ET8-Gelaxyo-Eivissa-TOP-8_pensula-1024x1024.jpg\" alt=\"\" class=\"wp-image-1623\" style=\"width:305px;height:auto\" srcset=\"https:\/\/www.tienda.ro\/blog\/wp-content\/uploads\/2025\/06\/ET8-Gelaxyo-Eivissa-TOP-8_pensula-1024x1024.jpg 1024w, https:\/\/www.tienda.ro\/blog\/wp-content\/uploads\/2025\/06\/ET8-Gelaxyo-Eivissa-TOP-8_pensula-300x300.jpg 300w, https:\/\/www.tienda.ro\/blog\/wp-content\/uploads\/2025\/06\/ET8-Gelaxyo-Eivissa-TOP-8_pensula-150x150.jpg 150w, https:\/\/www.tienda.ro\/blog\/wp-content\/uploads\/2025\/06\/ET8-Gelaxyo-Eivissa-TOP-8_pensula-768x768.jpg 768w, https:\/\/www.tienda.ro\/blog\/wp-content\/uploads\/2025\/06\/ET8-Gelaxyo-Eivissa-TOP-8_pensula.jpg 1440w\" sizes=\"(max-width: 1024px) 100vw, 1024px\" \/><\/a><\/figure>\n\n\n\n<h2 class=\"wp-block-heading\"><strong> Produse bestseller incluse \u00een promo\u021bie <\/strong><\/h2>\n\n\n\n<p>Black Friday de var\u0103 este aici \u0219i a adus cele mai dorite produse, la cele mai bune pre\u021buri. Pentru c\u0103 \u00ee\u021bi plac ve\u0219tile bune, te anun\u021b\u0103m c\u0103 am preg\u0103tit o selec\u021bie de bestsellere, produse de top, apreciate de profesioniste, testate \u0219i recomandate de sute de cliente mul\u021bumite. Acum este momentul potrivit s\u0103 le adaugi \u00een co\u0219ul de cump\u0103r\u0103turi, s\u0103 le testezi \u0219i s\u0103 te bucuri de ele. Pont: Sunt \u00eenso\u021bite de reduceri de var\u0103 spectaculoase. <strong>&nbsp;<\/strong><\/p>\n\n\n\n<p>Black Friday de var\u0103 nu \u00eenseamn\u0103 doar disconturi, ci oportunitatea de a comanda produsele pe care \u021bi-ai dorit mereu s\u0103 le \u00eencerci. Gr\u0103be\u0219te-te s\u0103 prinzi cele mai bune produse disponibile \u00een site!&nbsp;<\/p>\n\n\n\n<h4 class=\"wp-block-heading\"><strong> GELAXYO RUBBER BASE FLEXY 01 <\/strong><\/h4>\n\n\n\n<p><a href=\"https:\/\/www.tienda.ro\/gelaxyo-flexy\/10195-gelaxyo-rubber-base-flexy-01-7ml.html\"><strong>Gelaxyo Rubber Base Flexy 01<\/strong><\/a> este o baz\u0103 versatil\u0103, compatibil\u0103 cu toate tipurile de materiale \u2013 oj\u0103 semipermanent\u0103, gel sau acrylgel. Poate fi folosit\u0103 ca adeziv pentru fixarea elementelor de nail art sau ca strat de protec\u021bie pentru unghia natural\u0103. Este o baz\u0103 ideal\u0103 pentru unghiile fragile sau sub\u021biri, acum disponibil\u0103 \u00een campania black friday de var\u0103.&nbsp;<\/p>\n\n\n\n<figure class=\"wp-block-image is-resized\"><img decoding=\"async\" src=\"https:\/\/lh7-rt.googleusercontent.com\/docsz\/AD_4nXcfROWXeQTlTzupHABEsJ1N-PPkcQ0oUAovs8aNnEl18TJXTTburbALE4PpoJlZMEooulveyFCk17zJ-xrNCRc3e-ppr4tGJXd7_PUhq4iWnXvckKn-5r35MBgCxY76AeRWmGLFwzgUyvGuMrJopg?key=UjB5IM0OimujfgyGsdEQ1g\" alt=\"\" style=\"width:315px;height:auto\"\/><\/figure>\n\n\n\n<h4 class=\"wp-block-heading\"><strong> GELAXYO RUBBER BASE FLEXY 05 <\/strong><\/h4>\n\n\n\n<p><a href=\"https:\/\/www.tienda.ro\/gelaxyo-flexy\/10199-gelaxyo-rubber-base-flexy-05-7ml.html\"><strong>Gelaxyo Rubber Base Flexy 05<\/strong><\/a> o s\u0103-\u021bi plac\u0103 mult. Este o baz\u0103 roz, de v\u00e2scozitate medie, ideal\u0103 pentru toate tipurile de materiale. Nuan\u021ba o face potrivit\u0103 pentru realizarea unghiilor de tip babyboomer. Se aplic\u0103 foarte bine \u00een combina\u021bie cu baza rubber Gelaxyo MILKY 2in1, pe care o g\u0103se\u0219ti, de asemenea, \u00een campania black friday de var\u0103.<\/p>\n\n\n\n<figure class=\"wp-block-image is-resized\"><img decoding=\"async\" src=\"https:\/\/lh7-rt.googleusercontent.com\/docsz\/AD_4nXckGeghd7GYvSo2oScRn4_MZ1cIGe4ZuB_POVAcn7-o5evTwy1DvS9Sdr9wkQVXR4gBR_IJFsjS3ObVICkzivGKeTxZsZ-rB6pqDeSboQEuRjjdWKu3JSYJaf1Gii8xl3DjaGjWkZUT0jnyH5TFVoU?key=UjB5IM0OimujfgyGsdEQ1g\" alt=\"\" style=\"width:320px;height:auto\"\/><\/figure>\n\n\n\n<h4 class=\"wp-block-heading\"><strong> GELAXYO RUBBER BASE FLEXY 08 <\/strong><\/h4>\n\n\n\n<p><a href=\"https:\/\/www.tienda.ro\/gelaxyo-flexy\/10202-gelaxyo-rubber-base-flexy-08-7ml.html\"><strong>Gelaxyo Rubber Base Flexy 08<\/strong><\/a><strong> <\/strong>este o baz\u0103 de culoare, ideal\u0103 pentru cele care iubesc manichiura nude. Are o aderen\u021b\u0103 foarte bun\u0103 \u0219i promite s\u0103 reziste p\u00e2n\u0103 la 6 s\u0103pt\u0103m\u00e2ni pe unghii. Gelaxyo Rubber Base Flexy 08 are o v\u00e2scozitate medie, ceea ce \u00eenseamn\u0103 c\u0103 se modeleaz\u0103 cu u\u0219urin\u021b\u0103.&nbsp;<\/p>\n\n\n\n<figure class=\"wp-block-image is-resized\"><img decoding=\"async\" src=\"https:\/\/lh7-rt.googleusercontent.com\/docsz\/AD_4nXfT5w-sBkVG7saQNoEtpe7N12NCHT-mlDuScYdOrBb6QmIGfZ3_3BzzBETlkqNZiEDPfMhrYgM5J9MoprxivNFYHSukGil9k3pOCVAJHtMNaAvPntSZSeCsHG2Bh2Y2GjiHfma4OzApjgSe01YHTw?key=UjB5IM0OimujfgyGsdEQ1g\" alt=\"\" style=\"width:436px;height:auto\"\/><\/figure>\n\n\n\n<h4 class=\"wp-block-heading\"><strong> GELAXYO BOTTLE BUILDER CLASIC <\/strong><\/h4>\n\n\n\n<p><a href=\"https:\/\/www.tienda.ro\/876-gelaxyo-bb-clasic\"><strong>Gelaxyo BB Clasic<\/strong><\/a> este aici pentru iubitoarele de frumos \u0219i pentru cele care apreciaz\u0103 reducerile de var\u0103. Este o colec\u021bie ce con\u021bine 9 culori de geluri de construc\u021bie \u00een nuan\u021be clasice \u2013milky white, light pink, peach, pink beige, baby blush, make up pink, rose skin, clear \u0219i fiber clear.&nbsp;<\/p>\n\n\n\n<figure class=\"wp-block-image is-resized\"><img decoding=\"async\" src=\"https:\/\/lh7-rt.googleusercontent.com\/docsz\/AD_4nXcXAl2-pCjkTJRFhnVEj4CUlTwwzQ-DdyXhIzU0m0cXp0qjutZ3U7jqvkmkcXS_Jc7sPL5BX9-rgyfCWXlSzn8dMojNapVxTPKDN666w5kTJDn00FG53Q8eqMfLWc6Pg9UUwHoLszQhhYbnB-UO-mI?key=UjB5IM0OimujfgyGsdEQ1g\" alt=\"\" style=\"width:499px;height:auto\"\/><\/figure>\n\n\n\n<h4 class=\"wp-block-heading\"><strong> GELAXYO PROFORM <\/strong><\/h4>\n\n\n\n<p><a href=\"https:\/\/www.tienda.ro\/545-gelaxyo-proform\"><strong>Gelaxyo Proform<\/strong><\/a><strong> <\/strong>este tot ceea ce \u021bi-ai putea dori de la un gel cover profesional. Are o v\u00e2scozitate medie, o putere mare de acoperire \u0219i se aplic\u0103 u\u0219or pe unghie. Este un cover ideal pentru o manichiur\u0103 realizat\u0103 \u00eentr-un timp c\u00e2t mai scurt \u2013 timp de polimerizare de 2 minute \u00een lampa UV sau 30 de secunde \u00een lampa LED.&nbsp;<\/p>\n\n\n\n<figure class=\"wp-block-image\"><img decoding=\"async\" src=\"https:\/\/lh7-rt.googleusercontent.com\/docsz\/AD_4nXeDNrPXTHfxldEcho-jUR1VuRtQEctq3ATlK-RW1sOpJ1_WL1_ccY7t-dcI7hNFiik2TPEUaYVosMMIjH5J6ORyQb0hV36nBMUowGRS8LVjTMRALr-yd5JS8XZ_j4RTk-JbD_dPFpDNFnkEhtLCipc?key=UjB5IM0OimujfgyGsdEQ1g\" alt=\"\"\/><\/figure>\n\n\n\n<h2 class=\"wp-block-heading\"><strong> Ce beneficii unice \u00ee\u021bi ofer\u0103 Summer Black Friday de la Tienda? <\/strong><\/h2>\n\n\n\n<p>Summer Black Friday de la Tienda este ocazia perfect\u0103 pentru a achizi\u021biona produsele mult visate la pre\u021buri sc\u0103ldate \u00een razele soarelui. Ai acces la bestsellere cu pre\u021buri reduse, lans\u0103ri noi cu pre\u021buri excep\u021bionale, reduceri de p\u00e2n\u0103 la -80% \u0219i cadouri \u00een func\u021bie de valoarea comenzii. Summer Black Friday de la Tienda \u00ee\u021bi ofer\u0103 posibilitatea de a te bucura de tot ce e mai bun, f\u0103r\u0103 s\u0103 faci compromisuri.&nbsp;<\/p>\n\n\n\n<p>Fie c\u0103 e\u0219ti \u00een c\u0103utarea celor mai apreciate produse pentru unghii, fie c\u0103 vrei s\u0103 te r\u0103sfe\u021bi cu produsele pe care le cuno\u0219ti deja, Tienda este aici pentru tine, cu pre\u021buri imbatabile. Nu l\u0103sa sezonul cald s\u0103 treac\u0103 pe l\u00e2ng\u0103 tine! Profit\u0103 de black friday de var\u0103!<\/p>\n","protected":false},"excerpt":{"rendered":"<p>Este black friday de var\u0103 pe site-ul nostru! Soarele nu este singurul care str\u0103luce\u0219te. Acum \u0219i ofertele noastre o fac. Imagineaz\u0103-\u021bi doar c\u0103 po\u021bi realiza manichiura de vis cu acelea\u0219i produse de top, la pre\u021buri mai accesibile ca niciodat\u0103! Parcurg\u00e2nd articolul p\u00e2n\u0103 la cap\u0103t, vei descoperi noile lans\u0103ri, produsele incluse \u00een campanie \u0219i pa\u0219ii pe [&hellip;]<\/p>\n","protected":false},"author":2,"featured_media":1625,"comment_status":"open","ping_status":"open","sticky":false,"template":"","format":"standard","meta":{"footnotes":""},"categories":[7],"tags":[],"class_list":["post-1608","post","type-post","status-publish","format-standard","has-post-thumbnail","hentry","category-informatii-generale-despre-unghiute"],"_links":{"self":[{"href":"https:\/\/www.tienda.ro\/blog\/wp-json\/wp\/v2\/posts\/1608","targetHints":{"allow":["GET"]}}],"collection":[{"href":"https:\/\/www.tienda.ro\/blog\/wp-json\/wp\/v2\/posts"}],"about":[{"href":"https:\/\/www.tienda.ro\/blog\/wp-json\/wp\/v2\/types\/post"}],"author":[{"embeddable":true,"href":"https:\/\/www.tienda.ro\/blog\/wp-json\/wp\/v2\/users\/2"}],"replies":[{"embeddable":true,"href":"https:\/\/www.tienda.ro\/blog\/wp-json\/wp\/v2\/comments?post=1608"}],"version-history":[{"count":17,"href":"https:\/\/www.tienda.ro\/blog\/wp-json\/wp\/v2\/posts\/1608\/revisions"}],"predecessor-version":[{"id":1642,"href":"https:\/\/www.tienda.ro\/blog\/wp-json\/wp\/v2\/posts\/1608\/revisions\/1642"}],"wp:featuredmedia":[{"embeddable":true,"href":"https:\/\/www.tienda.ro\/blog\/wp-json\/wp\/v2\/media\/1625"}],"wp:attachment":[{"href":"https:\/\/www.tienda.ro\/blog\/wp-json\/wp\/v2\/media?parent=1608"}],"wp:term":[{"taxonomy":"category","embeddable":true,"href":"https:\/\/www.tienda.ro\/blog\/wp-json\/wp\/v2\/categories?post=1608"},{"taxonomy":"post_tag","embeddable":true,"href":"https:\/\/www.tienda.ro\/blog\/wp-json\/wp\/v2\/tags?post=1608"}],"curies":[{"name":"wp","href":"https:\/\/api.w.org\/{rel}","templated":true}]}}