{"id":1555,"date":"2025-04-01T08:39:09","date_gmt":"2025-04-01T08:39:09","guid":{"rendered":"https:\/\/www.tienda.ro\/blog\/?p=1555"},"modified":"2025-04-01T08:39:10","modified_gmt":"2025-04-01T08:39:10","slug":"modele-unghii-primavara","status":"publish","type":"post","link":"https:\/\/www.tienda.ro\/blog\/modele-unghii-primavara\/","title":{"rendered":"Top 50 modele de unghii de prim\u0103var\u0103 pentru o manichiura chic"},"content":{"rendered":"\n<p>Prim\u0103vara este anotimpul \u00een care rena\u0219tem, \u00een care ne l\u0103s\u0103m inspirate de natura care prinde via\u021b\u0103 &#8211; de elementele \u0219i de paleta cromatic\u0103 specific\u0103. Afar\u0103 se simte deja aerul c\u0103ldu\u021b \u0219i mireasma florilor parfumate. \u00cen casa e bucurie \u0219i mai mult\u0103 lumin\u0103. De ce s\u0103 nu reflecte \u0219i unghiile tale aceast\u0103 energie? Explozive, fascinante, colorate. Descoper\u0103 care sunt cele mai frumoase modele de unghii de prim\u0103var\u0103 din articolul nostru. G\u0103se\u0219te-\u021bi inspira\u021bia aici \u0219i acum \u0219i preg\u0103te\u0219te-te s\u0103 atragi privirile ca un magnet! Prim\u0103vara aceasta este despre tine.<\/p>\n\n\n\n<h2 class=\"wp-block-heading\"><strong>Ce culori se poart\u0103 \u00een aceast\u0103 prim\u0103var\u0103? <\/strong><\/h2>\n\n\n\n<p>Sezonul acesta este de partea ta, oferindu-\u021bi posibilitatea de a varia \u00eentre culori, forme \u0219i elemente de design. \u00cen ceea ce prive\u0219te paleta cromatic\u0103, po\u021bi experimenta, de la nuan\u021be pastelate \u0219i pudrate p\u00e2n\u0103 la tonuri vibrante sau \u00eendr\u0103zne\u021be. Tot ce trebuie s\u0103 faci este s\u0103 alegi cele mai bune <a href=\"https:\/\/www.tienda.ro\/\">produse pentru manichiur\u0103<\/a>. Aici inspira\u021bia de care ai nevoie:&nbsp;<\/p>\n\n\n\n<ul class=\"wp-block-list\">\n<li>Culori pastelate: Nuan\u021be diafane de roz pal, lila, albastru deschis sau verde ment\u0103;&nbsp;<\/li>\n\n\n\n<li>Nuan\u021be vibrante: Galben l\u0103m\u00e2ie, portocaliu intens, roz fucsia sau verde smarald;<\/li>\n\n\n\n<li>Alte culori: turcoaz pudrat, galben pal, alb l\u0103ptos, mov lavand\u0103.<\/li>\n<\/ul>\n\n\n\n<div style=\"height:20px\" aria-hidden=\"true\" class=\"wp-block-spacer\"><\/div>\n\n\n\n<figure class=\"wp-block-gallery has-nested-images columns-default is-cropped wp-block-gallery-1 is-layout-flex wp-block-gallery-is-layout-flex\">\n<figure class=\"wp-block-image size-large is-style-rounded\"><img fetchpriority=\"high\" decoding=\"async\" width=\"1024\" height=\"1024\" data-id=\"1571\" src=\"https:\/\/www.tienda.ro\/blog\/wp-content\/uploads\/2025\/03\/WhatsApp-Image-2024-07-14-at-17.35.13-1-1024x1024.jpeg\" alt=\"\" class=\"wp-image-1571\" srcset=\"https:\/\/www.tienda.ro\/blog\/wp-content\/uploads\/2025\/03\/WhatsApp-Image-2024-07-14-at-17.35.13-1-1024x1024.jpeg 1024w, https:\/\/www.tienda.ro\/blog\/wp-content\/uploads\/2025\/03\/WhatsApp-Image-2024-07-14-at-17.35.13-1-300x300.jpeg 300w, https:\/\/www.tienda.ro\/blog\/wp-content\/uploads\/2025\/03\/WhatsApp-Image-2024-07-14-at-17.35.13-1-150x150.jpeg 150w, https:\/\/www.tienda.ro\/blog\/wp-content\/uploads\/2025\/03\/WhatsApp-Image-2024-07-14-at-17.35.13-1-768x768.jpeg 768w, https:\/\/www.tienda.ro\/blog\/wp-content\/uploads\/2025\/03\/WhatsApp-Image-2024-07-14-at-17.35.13-1-1536x1536.jpeg 1536w, https:\/\/www.tienda.ro\/blog\/wp-content\/uploads\/2025\/03\/WhatsApp-Image-2024-07-14-at-17.35.13-1.jpeg 2048w\" sizes=\"(max-width: 1024px) 100vw, 1024px\" \/><\/figure>\n\n\n\n<figure class=\"wp-block-image size-large is-style-rounded\"><img decoding=\"async\" width=\"1024\" height=\"1024\" data-id=\"1572\" src=\"https:\/\/www.tienda.ro\/blog\/wp-content\/uploads\/2025\/03\/WhatsApp-Image-2024-07-14-at-17.35.13-4-1024x1024.jpeg\" alt=\"\" class=\"wp-image-1572\" srcset=\"https:\/\/www.tienda.ro\/blog\/wp-content\/uploads\/2025\/03\/WhatsApp-Image-2024-07-14-at-17.35.13-4-1024x1024.jpeg 1024w, https:\/\/www.tienda.ro\/blog\/wp-content\/uploads\/2025\/03\/WhatsApp-Image-2024-07-14-at-17.35.13-4-300x300.jpeg 300w, https:\/\/www.tienda.ro\/blog\/wp-content\/uploads\/2025\/03\/WhatsApp-Image-2024-07-14-at-17.35.13-4-150x150.jpeg 150w, https:\/\/www.tienda.ro\/blog\/wp-content\/uploads\/2025\/03\/WhatsApp-Image-2024-07-14-at-17.35.13-4-768x768.jpeg 768w, https:\/\/www.tienda.ro\/blog\/wp-content\/uploads\/2025\/03\/WhatsApp-Image-2024-07-14-at-17.35.13-4-1536x1536.jpeg 1536w, https:\/\/www.tienda.ro\/blog\/wp-content\/uploads\/2025\/03\/WhatsApp-Image-2024-07-14-at-17.35.13-4-2048x2048.jpeg 2048w\" sizes=\"(max-width: 1024px) 100vw, 1024px\" \/><\/figure>\n<\/figure>\n\n\n\n<div style=\"height:20px\" aria-hidden=\"true\" class=\"wp-block-spacer\"><\/div>\n\n\n\n<h2 class=\"wp-block-heading\"><strong> Modele de unghii de prim\u0103var\u0103 <\/strong><\/h2>\n\n\n\n<figure class=\"wp-block-gallery has-nested-images columns-default is-cropped wp-block-gallery-2 is-layout-flex wp-block-gallery-is-layout-flex\">\n<figure class=\"wp-block-image size-large is-style-rounded\"><img decoding=\"async\" width=\"1024\" height=\"1024\" data-id=\"1569\" src=\"https:\/\/www.tienda.ro\/blog\/wp-content\/uploads\/2025\/03\/WhatsApp-Image-2024-06-03-at-08.05.16-1024x1024.jpeg\" alt=\"\" class=\"wp-image-1569\" srcset=\"https:\/\/www.tienda.ro\/blog\/wp-content\/uploads\/2025\/03\/WhatsApp-Image-2024-06-03-at-08.05.16-1024x1024.jpeg 1024w, https:\/\/www.tienda.ro\/blog\/wp-content\/uploads\/2025\/03\/WhatsApp-Image-2024-06-03-at-08.05.16-300x300.jpeg 300w, https:\/\/www.tienda.ro\/blog\/wp-content\/uploads\/2025\/03\/WhatsApp-Image-2024-06-03-at-08.05.16-150x150.jpeg 150w, https:\/\/www.tienda.ro\/blog\/wp-content\/uploads\/2025\/03\/WhatsApp-Image-2024-06-03-at-08.05.16-768x768.jpeg 768w, https:\/\/www.tienda.ro\/blog\/wp-content\/uploads\/2025\/03\/WhatsApp-Image-2024-06-03-at-08.05.16.jpeg 1483w\" sizes=\"(max-width: 1024px) 100vw, 1024px\" \/><\/figure>\n\n\n\n<figure class=\"wp-block-image size-large is-style-rounded\"><img loading=\"lazy\" decoding=\"async\" width=\"1024\" height=\"1024\" data-id=\"1567\" src=\"https:\/\/www.tienda.ro\/blog\/wp-content\/uploads\/2025\/03\/WhatsApp-Image-2024-05-14-at-12.35.32-PM-2-1024x1024.jpeg\" alt=\"\" class=\"wp-image-1567\" srcset=\"https:\/\/www.tienda.ro\/blog\/wp-content\/uploads\/2025\/03\/WhatsApp-Image-2024-05-14-at-12.35.32-PM-2-1024x1024.jpeg 1024w, https:\/\/www.tienda.ro\/blog\/wp-content\/uploads\/2025\/03\/WhatsApp-Image-2024-05-14-at-12.35.32-PM-2-300x300.jpeg 300w, https:\/\/www.tienda.ro\/blog\/wp-content\/uploads\/2025\/03\/WhatsApp-Image-2024-05-14-at-12.35.32-PM-2-150x150.jpeg 150w, https:\/\/www.tienda.ro\/blog\/wp-content\/uploads\/2025\/03\/WhatsApp-Image-2024-05-14-at-12.35.32-PM-2-768x768.jpeg 768w, https:\/\/www.tienda.ro\/blog\/wp-content\/uploads\/2025\/03\/WhatsApp-Image-2024-05-14-at-12.35.32-PM-2.jpeg 1200w\" sizes=\"(max-width: 1024px) 100vw, 1024px\" \/><\/figure>\n\n\n\n<figure class=\"wp-block-image size-large is-style-rounded\"><img loading=\"lazy\" decoding=\"async\" width=\"1024\" height=\"1024\" data-id=\"1565\" src=\"https:\/\/www.tienda.ro\/blog\/wp-content\/uploads\/2025\/03\/WhatsApp-Image-2024-05-01-at-6.28.42-PM-1024x1024.jpeg\" alt=\"\" class=\"wp-image-1565\" srcset=\"https:\/\/www.tienda.ro\/blog\/wp-content\/uploads\/2025\/03\/WhatsApp-Image-2024-05-01-at-6.28.42-PM-1024x1024.jpeg 1024w, https:\/\/www.tienda.ro\/blog\/wp-content\/uploads\/2025\/03\/WhatsApp-Image-2024-05-01-at-6.28.42-PM-300x300.jpeg 300w, https:\/\/www.tienda.ro\/blog\/wp-content\/uploads\/2025\/03\/WhatsApp-Image-2024-05-01-at-6.28.42-PM-150x150.jpeg 150w, https:\/\/www.tienda.ro\/blog\/wp-content\/uploads\/2025\/03\/WhatsApp-Image-2024-05-01-at-6.28.42-PM-768x768.jpeg 768w, https:\/\/www.tienda.ro\/blog\/wp-content\/uploads\/2025\/03\/WhatsApp-Image-2024-05-01-at-6.28.42-PM-1536x1536.jpeg 1536w, https:\/\/www.tienda.ro\/blog\/wp-content\/uploads\/2025\/03\/WhatsApp-Image-2024-05-01-at-6.28.42-PM.jpeg 1648w\" sizes=\"(max-width: 1024px) 100vw, 1024px\" \/><\/figure>\n<\/figure>\n\n\n\n<p>\u00cendr\u0103ge\u0219ti unghiile cu model? Prim\u0103vara aceasta ai de unde alege, mai ales c\u00e2nd inspira\u021bia este la un click distan\u021b\u0103. Iat\u0103 care sunt cele mai cunoscute modele de unghii de prim\u0103var\u0103:&nbsp;<\/p>\n\n\n\n<h4 class=\"wp-block-heading\"><strong> Modele unghii simple \u0219i elegante<\/strong><\/h4>\n\n\n\n<p>Dac\u0103 te reg\u0103se\u0219ti \u00een categoria doamnelor \u0219i domni\u0219oarelor care prefer\u0103 un loc rafinat \u0219i discret, un look specific \u021binutelor de birou sau celor simpliste, atunci po\u021bi&nbsp; alege <a href=\"https:\/\/www.tienda.ro\/blog\/modele-unghii-simple-elegante\/\">modele unghii simple \u0219i elegante<\/a>. \u00cencadr\u0103m aici nuan\u021bele de nude, pastelurile delicate \u0219i accentele subtile de str\u0103lucire. Nu \u00eenc\u0103rca foarte mult unghia dac\u0103 vrei s\u0103 ob\u021bii un look elegant care s\u0103 se potriveasc\u0103 bine cu diferite \u021binute!&nbsp;<\/p>\n\n\n\n<h4 class=\"wp-block-heading\"><strong>Modele de unghii french <\/strong><\/h4>\n\n\n\n<p>\u0218tiai c\u0103 \u00ee\u021bi po\u021bi preg\u0103ti unghiile de prim\u0103var\u0103 miz\u00e2nd pe clasicul french? Tot mai multe doamne \u0219i domni\u0219oare cer tehnicienilor <a href=\"https:\/\/www.tienda.ro\/blog\/modele-unghii-french\/\">unghii french<\/a>. Reinterpret\u0103rile moderne aduc un plus de feminism. \u00cencearc\u0103 french-ul cu v\u00e2rfuri colorate, french-ul \u00een degrade sau cu accente minimaliste. Sunt cele mai populare modele de unghii french de prim\u0103var\u0103.<\/p>\n\n\n\n<h4 class=\"wp-block-heading\"><strong> Modele de unghii migdal\u0103 <\/strong><\/h4>\n\n\n\n<p>Pentru c\u0103 prim\u0103vara \u00eenseamn\u0103 culoare \u0219i emo\u021bie, unghiile tale ar trebui s\u0103 exprime feminitate \u0219i elegan\u021b\u0103. Ce alt anotimp \u00ee\u021bi ofer\u0103 o palet\u0103 cromatic\u0103 at\u00e2t de bogat\u0103? Alege nuan\u021bele \u0219i modelele care \u021bi se potrivesc \u0219i \u00eencearc\u0103, m\u0103car o dat\u0103, forma migdal\u0103. Aceast\u0103 form\u0103 alunge\u0219te degetele \u0219i ofer\u0103 acest aspect sofisticat despre care aminteam. Te-am convins? Vrei <a href=\"https:\/\/www.tienda.ro\/blog\/unghii-migdala\">unghii migdal\u0103<\/a>? Alege nuan\u021be pastelate, cu efect pudrat \u0219i elemente florale. Merg m\u00e2n\u0103 \u00een m\u00e2n\u0103 cu acest sezon plin de culoare \u0219i parfum. S-ar putea s\u0103 sco\u021bi din dulap \u0219i rochiile \u00eenflorate \u0219i cardiganele \u00een nuan\u021be pastel. Ni se pare nou\u0103 sau e\u0219ti preg\u0103tit\u0103 de o plimbare la pas?&nbsp;<\/p>\n\n\n\n<h4 class=\"wp-block-heading\"><strong>Modele de unghii baby boomer <\/strong><\/h4>\n\n\n\n<p>A spus cineva baby boomer? Dac\u0103 nu \u0219tii exact ce \u00eenseamn\u0103, te po\u021bi g\u00e2ndi la o combina\u021bie \u00eentre degrade (din nuan\u021be naturale) \u0219i french. Este o alegere rafinat\u0103, ideal\u0103 pentru acest sezon. Unghiile baby boomer se potrivesc \u00een orice context, de la evenimentele speciale p\u00e2n\u0103 la apari\u021biile de zi cu zi, fie ele \u00een ora\u0219, vacan\u021b\u0103 ori la birou. Pentru \u0219i mai mult\u0103 inspira\u021bie, po\u021bi ad\u0103uga particule de glitter. Depinde c\u00e2t de \u00eendr\u0103znea\u021b\u0103 e\u0219ti. \u00cen orice caz, este o variant\u0103 de unghii cu gel de prim\u0103var\u0103&nbsp; care se potrive\u0219te perfect at\u00e2t pe unghiile scurte, c\u00e2t \u0219i pe cele lungi. S\u0103 nu uit\u0103m de nuan\u021bele pastelate! Po\u021bi \u00eencerca baby boomer cu nuan\u021bele florilor de prim\u0103var\u0103.&nbsp;&nbsp;<\/p>\n\n\n\n<h4 class=\"wp-block-heading\"><strong>Modele de unghii scurte pentru prim\u0103var\u0103 <\/strong><\/h4>\n\n\n\n<p>Dac\u0103 preferi unghiile scurte \u00eenseamn\u0103 c\u0103 e\u0219ti genul de persoan\u0103 preocupat\u0103 tot timpul cu ceva. Probabil c\u0103 agenda ta este plin\u0103 \u0219i nu ai timp de pierdut, dar imaginea pe care o afi\u0219ezi \u00een societate este, cu siguran\u021b\u0103, una f\u0103r\u0103 cusur. Unghiile scurte pot transmite elegan\u021b\u0103 \u0219i feminitate dac\u0103 alegi modelele potrivite \u0219i dac\u0103 \u0219tii cum s\u0103 le por\u021bi. Iat\u0103 c\u00e2teva exemple de modele pentru unghii de prim\u0103var\u0103 u\u0219or de purtat:&nbsp;<\/p>\n\n\n\n<ul class=\"wp-block-list\">\n<li>Unghii minimaliste: geluri \u00een nuan\u021be de nude, culori pastelate \u0219i accente subtile de sclipici;<\/li>\n\n\n\n<li>Unghii cu modele florale: flori aplicate sau pictate manual peste culori clasice;<\/li>\n\n\n\n<li>Unghii french reinterpretat: opteaz\u0103 pentru variantele moderne despre care aminteam mai sus;&nbsp;<\/li>\n\n\n\n<li>Unghii ombre: alege tranzi\u021bii u\u0219oare precum roz-pal \u0219i alb sau lavand\u0103 \u0219i alb;&nbsp;<\/li>\n\n\n\n<li>Detalii metalice: folii aurii \u0219i linii metalice aplicate peste nuan\u021be delicate de alb l\u0103ptos, alb clasic sau nude.<\/li>\n<\/ul>\n\n\n\n<h4 class=\"wp-block-heading\"><strong> Modele de unghii lungi \u0219i extravagante de prim\u0103var\u0103 <\/strong><\/h4>\n\n\n\n<p>Pentru femeile \u00eendr\u0103zne\u021be, unghiile lungi \u0219i extravagante reprezint\u0103 o alegere ideal\u0103 indiferent de sezon. Prim\u0103vara aceasta te invit\u0103 s\u0103 experimentezi, s\u0103 te joci cu modelele complexe \u0219i cu nuan\u021bele vibrante. Adaug\u0103 decora\u021biuni spectaculoase, cum ar fi modelele 3D \u0219i pune-\u021bi \u00een eviden\u021b\u0103 stilul unic! \u00cen func\u021bie de modelul ales, unghiile lungi pot fi purtate \u00een orice context. Tot ce conteaz\u0103 este s\u0103 te sim\u021bi tu bine, s\u0103 \u00ee\u021bi fie confortabil. Nu oricine poate purta unghii lungi timp \u00eendelungat, dar tu e\u0219ti gata s\u0103-\u021bi exprimi personalitatea exuberant\u0103 cu ajutorul celor mai \u00eendr\u0103zne\u021be modele.&nbsp;<\/p>\n\n\n\n<h4 class=\"wp-block-heading\"><strong> Modele de unghii slim de prim\u0103var\u0103 <\/strong><\/h4>\n\n\n\n<p>S-ar putea s\u0103 te tenteze \u0219i o manichiur\u0103 unghii. Este o variant\u0103 apreciat\u0103 de doamnele \u0219i domni\u0219oarele care \u00een acest sezon poart\u0103 \u021binute diafane, cu vol\u0103na\u0219e, imprimeuri florale \u0219i cu fundi\u021be. De asemenea, este o manichiur\u0103 ideal\u0103 pentru cele care activeaz\u0103 \u00een mediul de business, pentru cele care \u0219tiu c\u00e2t de mult conteaz\u0103 imaginea, de la machiaj \u0219i \u021binut\u0103 p\u00e2n\u0103 la unghii \u0219i accesorii. Sunt locuri de munc\u0103 unde trebuie s\u0103 respec\u021bi un anumit cod vestimentar, un tipar pentru care doar unghiile slim se potrivesc. Facem referire \u0219i de aceast\u0103 dat\u0103 la unghiile \u00een nuan\u021be pastelate sau cu decora\u021biuni inspirate din frumuse\u021bea naturii.&nbsp;<\/p>\n\n\n\n<h4 class=\"wp-block-heading\"><strong> Modele unghii cu flori de prim\u0103var\u0103 <\/strong><\/h4>\n\n\n\n<p>Florile reprezint\u0103 simbolul acestui sezon. \u00cenc\u0103 din luna martie, doamnele \u0219i domni\u0219oarele \u00ee\u0219i \u00eendreapt\u0103 aten\u021bia c\u0103tre modelele de unghii cu flori de prim\u0103var\u0103. De la modele pictate manual la stickere florale aplicate, op\u021biunile sunt nenum\u0103rate. Rezultatul? Un aspect feminin \u0219i dulce. Oric\u00e2t de \u00eenc\u0103rcat\u0103 ar fi agenda ta, oric\u00e2t de pu\u021bin timp ai avea s\u0103 admiri natura, trebuie s\u0103 recuno\u0219ti c\u0103 prim\u0103vara vine cu acel mic imbold de care ai nevoie, de acea poft\u0103 de via\u021b\u0103 \u0219i energie feminin\u0103. E timp s\u0103-\u021bi alegi modelul preferat! S\u0103 fie un model cu flori pe fiecare unghie sau ceva mai discret?<\/p>\n\n\n\n<h4 class=\"wp-block-heading\"><strong> Modele unghii cu efect cromat <\/strong><\/h4>\n\n\n\n<p>Unghii \u00een tonuri pastelate cu reflexii metalice? Sigur c\u0103 da. Prim\u0103vara aceasta \u00ee\u021bi aduce cele mai \u00eendr\u0103zne\u021be surse de inspira\u021bie. Unghiile cu efect cromat sunt la mare c\u0103utare acum. Motivul? Aceste modele ofer\u0103 o not\u0103 modern\u0103 manichiurii tale. Este o op\u021biune ideal\u0103 pentru \u021binutele office, c\u00e2t \u0219i pentru ie\u0219irile urbane, pentru plimb\u0103rile casual \u0219i evenimentele importante din via\u021ba ta. Ai \u00een\u021beles, da? Unghiile cu efect cromat se potrivesc \u00een orice context social.&nbsp;<\/p>\n\n\n\n<h4 class=\"wp-block-heading\"><strong> Modele unghii cu efect metalizat de prim\u0103var\u0103<\/strong><\/h4>\n\n\n\n<p>Poate preferi apari\u021biile \u00eendr\u0103zne\u021be. Excelent! \u00censeamn\u0103 c\u0103 unghiile cu efect metalizat \u021bi se potrivesc de minune. Culorile, precum argintiu sau bronz sunt ideale pentru doamnele \u0219i domni\u0219oarele care vor s\u0103 ob\u021bin\u0103 un aspect glam. Opteaz\u0103 pentru astfel de model dac\u0103 ai de bifat o serie de evenimente speciale, dac\u0103 mergi la festival sau la concertul mult a\u0219teptat.&nbsp;<\/p>\n\n\n\n<h4 class=\"wp-block-heading\"><strong> Manichiura ombr\u00e9 \u2013 un efect modern pentru prim\u0103var\u0103 <\/strong><\/h4>\n\n\n\n<p>Manichiura ombre se num\u0103r\u0103 printre vedetele acestui sezon. Efectul de degrade adaug\u0103 un aer sofisticat unghiilor \u0219i se potrive\u0219te cu orice form\u0103. Este un tip de manichiur\u0103 u\u0219or de purtat \u0219i de asortat cu \u021binutele, de la cele basic p\u00e2n\u0103 la cele sofisticate sau \u00eendr\u0103zne\u021be. Trebuie s\u0103 \u00eencerci cel pu\u021bin o dat\u0103 manichiura degrade. O s\u0103-\u021bi plac\u0103 mult, mai ales dac\u0103 folose\u0219ti materiale de calitate \u0219i \u00eenve\u021bi tehnica. E imperativ s\u0103 cuno\u0219ti to\u021bi pa\u0219ii \u0219i s\u0103 \u00eenve\u021bi cum s\u0103-i pui \u00een practic\u0103.&nbsp;<\/p>\n\n\n\n<h4 class=\"wp-block-heading\"><strong> Ce combina\u021bii de culori sunt potrivite pentru unghii ombr\u00e9 de prim\u0103var\u0103? <\/strong><\/h4>\n\n\n\n<p>Prim\u0103vara te invit\u0103 s\u0103-\u021bi explorezi latura romantic\u0103, s\u0103 emani energie pozitiv\u0103, s\u0103 fii cine vrei s\u0103 fii. A\u0219adar, combina\u021biile de culori pastelate, degradeurile \u00een tonuri de lavand\u0103 sau albastru pudrat sunt \u00een vog\u0103 sezonul acesta. Po\u021bi alege \u0219i variante mai \u00eendr\u0103zne\u021be. Ombr\u00e9 \u00een nuan\u021be neon? Este o idee grozav\u0103 pentru a completa apari\u021bia la cel mai a\u0219teptat concert, de exemplu. Putem pune pe list\u0103 \u0219i ombr\u00e9 \u00een combina\u021bii contrastante.&nbsp;<\/p>\n\n\n\n<h2 class=\"wp-block-heading\"><strong> Unghii mate vs. unghii lucioase &#8211; ce alegi \u00een aceast\u0103 prim\u0103var\u0103? <\/strong><\/h2>\n\n\n\n<p>Trecem acum la finish. Preferi varianta mat\u0103 sau lucioas\u0103? \u0218tii ce? Nu conteaz\u0103 ce spun tendin\u021bele. De fapt, nici m\u0103car nu spun. Prim\u0103vara este despre tine \u0219i despre energia feminin\u0103 pe care o transmi\u021bi atunci c\u00e2nd por\u021bi ceea ce te face fericit\u0103. Alegerea dintre unghiile mate \u0219i lucioase depinde doar de stilul t\u0103u personal. Re\u021bine doar c\u0103 finish-ul mat este indicat atunci c\u00e2nd vrei s\u0103 ob\u021bii un aspect sofisticat \u0219i modern, iar cel lucios este ideal pentru un plus de elegan\u021b\u0103. \u00cencearc\u0103 ambele variante \u0219i vezi care \u00ee\u021bi vine!&nbsp;<\/p>\n\n\n\n<h2 class=\"wp-block-heading\"><strong> Sfaturi pentru \u00eengrijirea unghiilor prim\u0103vara<\/strong><\/h2>\n\n\n\n<figure class=\"wp-block-gallery has-nested-images columns-default is-cropped wp-block-gallery-3 is-layout-flex wp-block-gallery-is-layout-flex\">\n<figure class=\"wp-block-image size-large is-style-rounded\"><img loading=\"lazy\" decoding=\"async\" width=\"798\" height=\"798\" data-id=\"1560\" src=\"https:\/\/www.tienda.ro\/blog\/wp-content\/uploads\/2025\/03\/photo_2024-09-16_16-07-42-3.jpg\" alt=\"\" class=\"wp-image-1560\" srcset=\"https:\/\/www.tienda.ro\/blog\/wp-content\/uploads\/2025\/03\/photo_2024-09-16_16-07-42-3.jpg 798w, https:\/\/www.tienda.ro\/blog\/wp-content\/uploads\/2025\/03\/photo_2024-09-16_16-07-42-3-300x300.jpg 300w, https:\/\/www.tienda.ro\/blog\/wp-content\/uploads\/2025\/03\/photo_2024-09-16_16-07-42-3-150x150.jpg 150w, https:\/\/www.tienda.ro\/blog\/wp-content\/uploads\/2025\/03\/photo_2024-09-16_16-07-42-3-768x768.jpg 768w\" sizes=\"(max-width: 798px) 100vw, 798px\" \/><\/figure>\n\n\n\n<figure class=\"wp-block-image size-large is-style-rounded\"><img loading=\"lazy\" decoding=\"async\" width=\"960\" height=\"960\" data-id=\"1559\" src=\"https:\/\/www.tienda.ro\/blog\/wp-content\/uploads\/2025\/03\/photo_2024-09-03_19-55-38.jpg\" alt=\"\" class=\"wp-image-1559\" srcset=\"https:\/\/www.tienda.ro\/blog\/wp-content\/uploads\/2025\/03\/photo_2024-09-03_19-55-38.jpg 960w, https:\/\/www.tienda.ro\/blog\/wp-content\/uploads\/2025\/03\/photo_2024-09-03_19-55-38-300x300.jpg 300w, https:\/\/www.tienda.ro\/blog\/wp-content\/uploads\/2025\/03\/photo_2024-09-03_19-55-38-150x150.jpg 150w, https:\/\/www.tienda.ro\/blog\/wp-content\/uploads\/2025\/03\/photo_2024-09-03_19-55-38-768x768.jpg 768w\" sizes=\"(max-width: 960px) 100vw, 960px\" \/><\/figure>\n\n\n\n<figure class=\"wp-block-image size-large is-style-rounded\"><img loading=\"lazy\" decoding=\"async\" width=\"960\" height=\"960\" data-id=\"1558\" src=\"https:\/\/www.tienda.ro\/blog\/wp-content\/uploads\/2025\/03\/photo_2024-08-08_12-33-06-5.jpg\" alt=\"\" class=\"wp-image-1558\" srcset=\"https:\/\/www.tienda.ro\/blog\/wp-content\/uploads\/2025\/03\/photo_2024-08-08_12-33-06-5.jpg 960w, https:\/\/www.tienda.ro\/blog\/wp-content\/uploads\/2025\/03\/photo_2024-08-08_12-33-06-5-300x300.jpg 300w, https:\/\/www.tienda.ro\/blog\/wp-content\/uploads\/2025\/03\/photo_2024-08-08_12-33-06-5-150x150.jpg 150w, https:\/\/www.tienda.ro\/blog\/wp-content\/uploads\/2025\/03\/photo_2024-08-08_12-33-06-5-768x768.jpg 768w\" sizes=\"(max-width: 960px) 100vw, 960px\" \/><\/figure>\n<\/figure>\n\n\n\n<div style=\"height:20px\" aria-hidden=\"true\" class=\"wp-block-spacer\"><\/div>\n\n\n\n<p>\u0218tiai c\u0103 modul \u00een care \u00ee\u021bi \u00eengrije\u0219ti unghiile spune multe despre tine, despre aten\u021bia pe care o acorzi detaliilor fine? Dac\u0103 \u0219i tu cau\u021bi informa\u021bii cu privire la acest subiect, \u00eenseamn\u0103 c\u0103 ai nevoie de sfaturile speciali\u0219tilor. E mai simplu dec\u00e2t crezi.&nbsp;<\/p>\n\n\n\n<h4 class=\"wp-block-heading\"><strong> Ce produse s\u0103 folose\u0219ti pentru unghii s\u0103n\u0103toase \u0219i rezistente <\/strong><\/h4>\n\n\n\n<p>Alege \u00eentotdeauna produse de calitate, de la furnizori de \u00eencredere, produse prietenoase cu unghiile tale. Este foarte important ca toate gelurile \u0219i lacurile folosite s\u0103 fie realizate din produse calitative. C\u00e2teva exemple:<\/p>\n\n\n\n<ul class=\"wp-block-list\">\n<li>Produse de cur\u0103\u021bare: Unghiile se cur\u0103\u021b\u0103 \u0219i se dezinfecteaz\u0103 \u00eenainte de&nbsp; aplicarea gelului. Este un pas esen\u021bial pentru a preveni infec\u021biile \u0219i pentru a oferi aderen\u021ba potrivit\u0103;&nbsp;<\/li>\n\n\n\n<li>Uleiuri pentru cuticule: Uleiurile pentru cuticule, cele bogate \u00een vitamine, previn uscarea \u0219i cr\u0103parea acestora;<\/li>\n\n\n\n<li>Baz\u0103: Dac\u0103 baza nu este una de calitate, atunci unghia nu va fi protejat\u0103 \u0219i nu se va ob\u021bine aderen\u021ba necesar\u0103. Alege o baz\u0103 care ofer\u0103 protec\u021bie \u0219i rezisten\u021b\u0103 pe termen lung;<\/li>\n\n\n\n<li>Top coat rezistent: Folose\u0219ti acest produs pentru a sigila manichiura, pentru a oferi luciu \u0219i protec\u021bie;<\/li>\n\n\n\n<li>Crem\u0103 hidratant\u0103: Nu uita de m\u00e2ini. \u0218i acestea au nevoie de hidratare. Folose\u0219te creme cu vitamina E sau ulei de migdale.&nbsp;<\/li>\n<\/ul>\n\n\n\n<h4 class=\"wp-block-heading\"><strong>Gre\u0219eli frecvente \u00een \u00eengrijirea unghiilor <\/strong><\/h4>\n\n\n\n<p>Pentru a ob\u021bine unghii s\u0103n\u0103toase pe termen lung, trebuie s\u0103 evi\u021bi clasicele gre\u0219eli. Sunt gre\u0219eli care \u00ee\u021bi pot pune manichiura \u00een pericol:<\/p>\n\n\n\n<ul class=\"wp-block-list\">\n<li>For\u021barea gelului;&nbsp;<\/li>\n\n\n\n<li>Pilirea excesiv\u0103 a unghiei naturale;<\/li>\n\n\n\n<li>Neglijarea hidrat\u0103rii cuticulelor (mai ales \u00een zilele r\u0103coroase);<\/li>\n\n\n\n<li>Utilizarea produselor de calitate slab\u0103;<\/li>\n\n\n\n<li>Folosirea unghiilor ca unelte;&nbsp;<\/li>\n\n\n\n<li>Am\u00e2narea program\u0103rii la \u00eentre\u021binere.<\/li>\n<\/ul>\n\n\n\n<p>A\u0219adar, prim\u0103vara aceasta este de partea ta. Inspir\u0103-te din povestea ei \u0219i realizeaz\u0103 cele mai frumoase modele de unghii! Ai liber la creativitate, emo\u021bie \u0219i z\u00e2mbete.&nbsp;<\/p>\n","protected":false},"excerpt":{"rendered":"<p>Prim\u0103vara este anotimpul \u00een care rena\u0219tem, \u00een care ne l\u0103s\u0103m inspirate de natura care prinde via\u021b\u0103 &#8211; de elementele \u0219i de paleta cromatic\u0103 specific\u0103. Afar\u0103 se simte deja aerul c\u0103ldu\u021b \u0219i mireasma florilor parfumate. \u00cen casa e bucurie \u0219i mai mult\u0103 lumin\u0103. De ce s\u0103 nu reflecte \u0219i unghiile tale aceast\u0103 energie? Explozive, fascinante, colorate. [&hellip;]<\/p>\n","protected":false},"author":2,"featured_media":1573,"comment_status":"open","ping_status":"open","sticky":false,"template":"","format":"standard","meta":{"footnotes":""},"categories":[10],"tags":[],"class_list":["post-1555","post","type-post","status-publish","format-standard","has-post-thumbnail","hentry","category-galerie-unghiute"],"_links":{"self":[{"href":"https:\/\/www.tienda.ro\/blog\/wp-json\/wp\/v2\/posts\/1555","targetHints":{"allow":["GET"]}}],"collection":[{"href":"https:\/\/www.tienda.ro\/blog\/wp-json\/wp\/v2\/posts"}],"about":[{"href":"https:\/\/www.tienda.ro\/blog\/wp-json\/wp\/v2\/types\/post"}],"author":[{"embeddable":true,"href":"https:\/\/www.tienda.ro\/blog\/wp-json\/wp\/v2\/users\/2"}],"replies":[{"embeddable":true,"href":"https:\/\/www.tienda.ro\/blog\/wp-json\/wp\/v2\/comments?post=1555"}],"version-history":[{"count":2,"href":"https:\/\/www.tienda.ro\/blog\/wp-json\/wp\/v2\/posts\/1555\/revisions"}],"predecessor-version":[{"id":1575,"href":"https:\/\/www.tienda.ro\/blog\/wp-json\/wp\/v2\/posts\/1555\/revisions\/1575"}],"wp:featuredmedia":[{"embeddable":true,"href":"https:\/\/www.tienda.ro\/blog\/wp-json\/wp\/v2\/media\/1573"}],"wp:attachment":[{"href":"https:\/\/www.tienda.ro\/blog\/wp-json\/wp\/v2\/media?parent=1555"}],"wp:term":[{"taxonomy":"category","embeddable":true,"href":"https:\/\/www.tienda.ro\/blog\/wp-json\/wp\/v2\/categories?post=1555"},{"taxonomy":"post_tag","embeddable":true,"href":"https:\/\/www.tienda.ro\/blog\/wp-json\/wp\/v2\/tags?post=1555"}],"curies":[{"name":"wp","href":"https:\/\/api.w.org\/{rel}","templated":true}]}}