{"id":1373,"date":"2024-12-23T11:11:15","date_gmt":"2024-12-23T11:11:15","guid":{"rendered":"https:\/\/www.tienda.ro\/blog\/?p=1373"},"modified":"2025-02-25T11:17:39","modified_gmt":"2025-02-25T11:17:39","slug":"modele-unghii-sfaturi-vara","status":"publish","type":"post","link":"https:\/\/www.tienda.ro\/blog\/modele-unghii-sfaturi-vara\/","title":{"rendered":"Modele Unghii de Vara +60 Modele de la Tienda"},"content":{"rendered":"\n<p>Vara este anotimpul care ne inspir\u0103 cel mai mult! Acum e momentul s\u0103 d\u0103m fr\u00e2u liber imagina\u021biei, s\u0103 purt\u0103m ceea ce ne define\u0219te \u0219i s\u0103 ne sim\u021bim cu adev\u0103rat frumoase. <\/p>\n\n\n\n<p>Aceea\u0219i regul\u0103 se aplic\u0103 \u0219i \u00een cazul manichiurii!<\/p>\n\n\n\n<p>Doamnele \u0219i domni\u0219oarele \u0219tiu c\u00e2t de important este s\u0103 arate \u0219i s\u0103 se simt\u0103 bine, iar cele care au f\u0103cut un stil de via\u021b\u0103 \u00een materie de beauty, a\u0219teapt\u0103 vara cu mare interes. De la \u021binut\u0103 p\u00e2n\u0103 la unghii \u0219i alte accesorii, toate fac parte din aceea\u0219i poveste \u2013 o poveste estival\u0103, cu iz de relaxare.<\/p>\n\n\n\n<p>Despre unghii vorbim \u0219i \u00een r\u00e2ndurile urm\u0103toare. Descoper\u0103, parcurg\u00e2nd acest articol p\u00e2n\u0103 la final, care sunt cele mai frumoase modele de unghii \u0219i&nbsp;<a href=\"https:\/\/www.tienda.ro\/\">produse pentru manichiur\u0103<\/a>&nbsp;s\u0103 folose\u0219ti vara aceasta!<\/p>\n\n\n\n<div style=\"height:20px\" aria-hidden=\"true\" class=\"wp-block-spacer\"><\/div>\n\n\n\n<h2 class=\"wp-block-heading\">Ce culori sunt \u00een trend vara aceasta: neon, pasteluri, culori vibrante<\/h2>\n\n\n\n<div style=\"height:20px\" aria-hidden=\"true\" class=\"wp-block-spacer\"><\/div>\n\n\n\n<figure class=\"wp-block-gallery has-nested-images columns-default is-cropped wp-block-gallery-1 is-layout-flex wp-block-gallery-is-layout-flex\">\n<figure class=\"wp-block-image size-large is-style-rounded\"><img decoding=\"async\" data-id=\"1291\" src=\"https:\/\/www.tienda.ro\/blog\/wp-content\/uploads\/2024\/12\/20240226_143457-1024x1024.jpg\" alt=\"\" class=\"wp-image-1291\"\/><\/figure>\n\n\n\n<figure class=\"wp-block-image size-large is-style-rounded\"><img fetchpriority=\"high\" decoding=\"async\" width=\"960\" height=\"960\" data-id=\"1300\" src=\"https:\/\/www.tienda.ro\/blog\/wp-content\/uploads\/2024\/12\/photo_2024-08-08_12-32-57-5.jpg\" alt=\"\" class=\"wp-image-1300\" srcset=\"https:\/\/www.tienda.ro\/blog\/wp-content\/uploads\/2024\/12\/photo_2024-08-08_12-32-57-5.jpg 960w, https:\/\/www.tienda.ro\/blog\/wp-content\/uploads\/2024\/12\/photo_2024-08-08_12-32-57-5-300x300.jpg 300w, https:\/\/www.tienda.ro\/blog\/wp-content\/uploads\/2024\/12\/photo_2024-08-08_12-32-57-5-150x150.jpg 150w, https:\/\/www.tienda.ro\/blog\/wp-content\/uploads\/2024\/12\/photo_2024-08-08_12-32-57-5-768x768.jpg 768w\" sizes=\"(max-width: 960px) 100vw, 960px\" \/><\/figure>\n<\/figure>\n\n\n\n<div style=\"height:20px\" aria-hidden=\"true\" class=\"wp-block-spacer\"><\/div>\n\n\n\n<p>Cele care iubesc culorile \u00eenchise \u0219i nuan\u021bele soft ar trebui s\u0103 se reorienteze pe timp de var\u0103! Anotimpul c\u0103lduros ne trimite cu g\u00e2ndul la mare, la soare, la tavernele frumos colorate \u0219i la tarabele cu suveniruri.<\/p>\n\n\n\n<p>Garderoba este, de asemenea, colorat\u0103, iar tendin\u021ba general\u0103 este de a privi fiecare diminea\u021b\u0103 mult mai voio\u0219i, cu poft\u0103 de via\u021b\u0103! \u00cen acest context, nu e de mirare c\u0103 cele mai multe femei opteaz\u0103 pentru unghii colorate de var\u0103.<\/p>\n\n\n\n<p>Ce culori sunt \u00een trend vara aceasta? Punem pe lista cu favorite nuan\u021bele neon, pastelurile \u0219i culorile vibrante. \u00centr-un singur cuv\u00e2nt: feminism.<\/p>\n\n\n\n<p>Se poart\u0103 unghiile viu colorate, cele care ies din tipare \u0219i care \u00ee\u021bi condimenteaz\u0103 u\u0219or orice \u021binut\u0103 din sezonul cald!<\/p>\n\n\n\n<div style=\"height:20px\" aria-hidden=\"true\" class=\"wp-block-spacer\"><\/div>\n\n\n\n<h2 class=\"wp-block-heading\"><strong>Modele populare: ombre, french, designuri tropicale \u0219i marine<\/strong><\/h2>\n\n\n\n<div style=\"height:20px\" aria-hidden=\"true\" class=\"wp-block-spacer\"><\/div>\n\n\n\n<figure class=\"wp-block-gallery has-nested-images columns-default is-cropped wp-block-gallery-2 is-layout-flex wp-block-gallery-is-layout-flex\">\n<figure class=\"wp-block-image size-full is-style-rounded\"><img decoding=\"async\" width=\"768\" height=\"1024\" data-id=\"1341\" src=\"https:\/\/www.tienda.ro\/blog\/wp-content\/uploads\/2024\/12\/photo_2023-05-30_19-01-37.jpg\" alt=\"\" class=\"wp-image-1341\" srcset=\"https:\/\/www.tienda.ro\/blog\/wp-content\/uploads\/2024\/12\/photo_2023-05-30_19-01-37.jpg 768w, https:\/\/www.tienda.ro\/blog\/wp-content\/uploads\/2024\/12\/photo_2023-05-30_19-01-37-225x300.jpg 225w\" sizes=\"(max-width: 768px) 100vw, 768px\" \/><\/figure>\n\n\n\n<figure class=\"wp-block-image size-large is-style-rounded\"><img decoding=\"async\" width=\"1024\" height=\"1024\" data-id=\"1378\" src=\"https:\/\/www.tienda.ro\/blog\/wp-content\/uploads\/2024\/12\/photo_2022-04-23_09-51-31-1024x1024.jpg\" alt=\"\" class=\"wp-image-1378\" srcset=\"https:\/\/www.tienda.ro\/blog\/wp-content\/uploads\/2024\/12\/photo_2022-04-23_09-51-31-1024x1024.jpg 1024w, https:\/\/www.tienda.ro\/blog\/wp-content\/uploads\/2024\/12\/photo_2022-04-23_09-51-31-300x300.jpg 300w, https:\/\/www.tienda.ro\/blog\/wp-content\/uploads\/2024\/12\/photo_2022-04-23_09-51-31-150x150.jpg 150w, https:\/\/www.tienda.ro\/blog\/wp-content\/uploads\/2024\/12\/photo_2022-04-23_09-51-31-768x768.jpg 768w, https:\/\/www.tienda.ro\/blog\/wp-content\/uploads\/2024\/12\/photo_2022-04-23_09-51-31.jpg 1280w\" sizes=\"(max-width: 1024px) 100vw, 1024px\" \/><\/figure>\n\n\n\n<figure class=\"wp-block-image size-large is-style-rounded\"><img loading=\"lazy\" decoding=\"async\" width=\"1024\" height=\"1024\" data-id=\"1376\" src=\"https:\/\/www.tienda.ro\/blog\/wp-content\/uploads\/2024\/12\/photo_2021-02-11_18-18-03-1024x1024.jpg\" alt=\"\" class=\"wp-image-1376\" srcset=\"https:\/\/www.tienda.ro\/blog\/wp-content\/uploads\/2024\/12\/photo_2021-02-11_18-18-03-1024x1024.jpg 1024w, https:\/\/www.tienda.ro\/blog\/wp-content\/uploads\/2024\/12\/photo_2021-02-11_18-18-03-300x300.jpg 300w, https:\/\/www.tienda.ro\/blog\/wp-content\/uploads\/2024\/12\/photo_2021-02-11_18-18-03-150x150.jpg 150w, https:\/\/www.tienda.ro\/blog\/wp-content\/uploads\/2024\/12\/photo_2021-02-11_18-18-03-768x768.jpg 768w, https:\/\/www.tienda.ro\/blog\/wp-content\/uploads\/2024\/12\/photo_2021-02-11_18-18-03.jpg 1280w\" sizes=\"(max-width: 1024px) 100vw, 1024px\" \/><\/figure>\n<\/figure>\n\n\n\n<div style=\"height:20px\" aria-hidden=\"true\" class=\"wp-block-spacer\"><\/div>\n\n\n\n<p>Trecem de la culori la\u00a0modele. Sigur c\u0103 doamnele \u0219i domni\u0219oarele pot opta oric\u00e2nd pentru modele de unghii de var\u0103 simple, dar dac\u0103 tendin\u021bele ne permit s\u0103 fim u\u0219or \u00eendr\u0103zne\u021be, de ce s\u0103 nu ne conform\u0103m? \u00cen sezonul cald se poart\u0103 unghiile ombre, designurile tropicale \u0219i marine:\u00a0<\/p>\n\n\n\n<ul class=\"wp-block-list\">\n<li>Ombre este o tehnic\u0103 apreciat\u0103 \u00een orice sezon, care implic\u0103 o trecere treptat\u0103 de la o culoare la alta. \u00cen mod evident, pentru var\u0103, alegem culori c\u00e2t mai vesele;<\/li>\n\n\n\n<li>Manichiura french va r\u0103m\u00e2ne \u00eentotdeauna o alegere ideal\u0103, mai ales pentru cele care apreciaz\u0103 stilul clasic;&nbsp;<\/li>\n\n\n\n<li>Unghiile cu designuri tropicale sunt, de asemenea, la mare c\u0103utare, mai ales \u00een perioada vacan\u021bei. Iat\u0103 c\u00e2teva idei \u00eendr\u0103zne\u021be: frunze de palmier, ananas, hibiscus, papaya \u0219i alte fructe tropicale desenate pe c\u00e2teva unghii;<\/li>\n\n\n\n<li>Nici designurile marine nu ne scap\u0103 din vedere vara aceasta. Pentru c\u0103 sunt inspirate de valurile m\u0103rii, acestea pot varia semnificativ \u00een func\u021bie de preferin\u021be. Printre cele mai apreciate modele reg\u0103sim: scoici, valuri, stelu\u021be de mare \u0219i ancore.<\/li>\n<\/ul>\n\n\n\n<div style=\"height:20px\" aria-hidden=\"true\" class=\"wp-block-spacer\"><\/div>\n\n\n\n<h2 class=\"wp-block-heading\"><strong>Modele unghii de var\u0103 simple: culori \u0219i designuri minimaliste<\/strong><\/h2>\n\n\n\n<div style=\"height:20px\" aria-hidden=\"true\" class=\"wp-block-spacer\"><\/div>\n\n\n\n<figure class=\"wp-block-gallery has-nested-images columns-default is-cropped wp-block-gallery-3 is-layout-flex wp-block-gallery-is-layout-flex\">\n<figure class=\"wp-block-image size-large is-style-rounded\"><img loading=\"lazy\" decoding=\"async\" width=\"1024\" height=\"1024\" data-id=\"1204\" src=\"https:\/\/www.tienda.ro\/blog\/wp-content\/uploads\/2024\/12\/20231122_150204-1024x1024.jpg\" alt=\"\" class=\"wp-image-1204\" srcset=\"https:\/\/www.tienda.ro\/blog\/wp-content\/uploads\/2024\/12\/20231122_150204-1024x1024.jpg 1024w, https:\/\/www.tienda.ro\/blog\/wp-content\/uploads\/2024\/12\/20231122_150204-300x300.jpg 300w, https:\/\/www.tienda.ro\/blog\/wp-content\/uploads\/2024\/12\/20231122_150204-150x150.jpg 150w, https:\/\/www.tienda.ro\/blog\/wp-content\/uploads\/2024\/12\/20231122_150204-768x768.jpg 768w, https:\/\/www.tienda.ro\/blog\/wp-content\/uploads\/2024\/12\/20231122_150204-1536x1536.jpg 1536w, https:\/\/www.tienda.ro\/blog\/wp-content\/uploads\/2024\/12\/20231122_150204-2048x2048.jpg 2048w\" sizes=\"(max-width: 1024px) 100vw, 1024px\" \/><\/figure>\n\n\n\n<figure class=\"wp-block-image size-large is-style-rounded\"><img loading=\"lazy\" decoding=\"async\" width=\"842\" height=\"841\" data-id=\"1343\" src=\"https:\/\/www.tienda.ro\/blog\/wp-content\/uploads\/2024\/12\/photo_2024-05-16_13-00-45-4.jpg\" alt=\"\" class=\"wp-image-1343\" srcset=\"https:\/\/www.tienda.ro\/blog\/wp-content\/uploads\/2024\/12\/photo_2024-05-16_13-00-45-4.jpg 842w, https:\/\/www.tienda.ro\/blog\/wp-content\/uploads\/2024\/12\/photo_2024-05-16_13-00-45-4-300x300.jpg 300w, https:\/\/www.tienda.ro\/blog\/wp-content\/uploads\/2024\/12\/photo_2024-05-16_13-00-45-4-150x150.jpg 150w, https:\/\/www.tienda.ro\/blog\/wp-content\/uploads\/2024\/12\/photo_2024-05-16_13-00-45-4-768x767.jpg 768w\" sizes=\"(max-width: 842px) 100vw, 842px\" \/><\/figure>\n\n\n\n<figure class=\"wp-block-image size-large is-style-rounded\"><img loading=\"lazy\" decoding=\"async\" width=\"1024\" height=\"1024\" data-id=\"1250\" src=\"https:\/\/www.tienda.ro\/blog\/wp-content\/uploads\/2024\/12\/20240904_140507-1024x1024.jpg\" alt=\"\" class=\"wp-image-1250\" srcset=\"https:\/\/www.tienda.ro\/blog\/wp-content\/uploads\/2024\/12\/20240904_140507-1024x1024.jpg 1024w, https:\/\/www.tienda.ro\/blog\/wp-content\/uploads\/2024\/12\/20240904_140507-300x300.jpg 300w, https:\/\/www.tienda.ro\/blog\/wp-content\/uploads\/2024\/12\/20240904_140507-150x150.jpg 150w, https:\/\/www.tienda.ro\/blog\/wp-content\/uploads\/2024\/12\/20240904_140507-768x768.jpg 768w, https:\/\/www.tienda.ro\/blog\/wp-content\/uploads\/2024\/12\/20240904_140507-1536x1536.jpg 1536w, https:\/\/www.tienda.ro\/blog\/wp-content\/uploads\/2024\/12\/20240904_140507-2048x2048.jpg 2048w\" sizes=\"(max-width: 1024px) 100vw, 1024px\" \/><\/figure>\n<\/figure>\n\n\n\n<div style=\"height:20px\" aria-hidden=\"true\" class=\"wp-block-spacer\"><\/div>\n\n\n\n<p>Pentru doamnele \u0219i domni\u0219oarele care prefer\u0103 unghii de var\u0103 simple exist\u0103 o mul\u021bime de idei potrivite at\u00e2t pentru \u021binutele zilnice, c\u00e2t \u0219i pentru evenimentele deosebite. Cele mai simple op\u021biuni de culoare r\u0103m\u00e2n: alb, beige, crem, roz pal, alb l\u0103ptos, gri, dar \u0219i lavand\u0103, ment\u0103 \u0219i gri.<\/p>\n\n\n\n<p>Nici la capitolul designuri nu ar trebui s\u0103 ne facem griji. Exist\u0103 at\u00e2t de multe op\u021biuni \u00eenc\u00e2t am putea s\u0103 g\u0103sim un model minimalist: linii subtile, dungi sub\u021biri, puncte delicate, designuri geometrice, accente subtile, french inversat, culoare monocrom\u0103, linii de sclipici \u0219i accente metalice.<\/p>\n\n\n\n<div style=\"height:20px\" aria-hidden=\"true\" class=\"wp-block-spacer\"><\/div>\n\n\n\n<h2 class=\"wp-block-heading\"><strong>Unghii de var\u0103 french: reinterpret\u0103ri moderne<\/strong><\/h2>\n\n\n\n<div style=\"height:20px\" aria-hidden=\"true\" class=\"wp-block-spacer\"><\/div>\n\n\n\n<figure class=\"wp-block-gallery has-nested-images columns-default is-cropped wp-block-gallery-4 is-layout-flex wp-block-gallery-is-layout-flex\">\n<figure class=\"wp-block-image size-large is-style-rounded\"><img loading=\"lazy\" decoding=\"async\" width=\"1024\" height=\"1024\" data-id=\"1337\" src=\"https:\/\/www.tienda.ro\/blog\/wp-content\/uploads\/2024\/12\/20240325_124509-1024x1024.jpg\" alt=\"\" class=\"wp-image-1337\" srcset=\"https:\/\/www.tienda.ro\/blog\/wp-content\/uploads\/2024\/12\/20240325_124509-1024x1024.jpg 1024w, https:\/\/www.tienda.ro\/blog\/wp-content\/uploads\/2024\/12\/20240325_124509-300x300.jpg 300w, https:\/\/www.tienda.ro\/blog\/wp-content\/uploads\/2024\/12\/20240325_124509-150x150.jpg 150w, https:\/\/www.tienda.ro\/blog\/wp-content\/uploads\/2024\/12\/20240325_124509-768x768.jpg 768w, https:\/\/www.tienda.ro\/blog\/wp-content\/uploads\/2024\/12\/20240325_124509-1536x1536.jpg 1536w, https:\/\/www.tienda.ro\/blog\/wp-content\/uploads\/2024\/12\/20240325_124509-2048x2048.jpg 2048w\" sizes=\"(max-width: 1024px) 100vw, 1024px\" \/><\/figure>\n\n\n\n<figure class=\"wp-block-image size-large is-style-rounded\"><img loading=\"lazy\" decoding=\"async\" width=\"1024\" height=\"1024\" data-id=\"1190\" src=\"https:\/\/www.tienda.ro\/blog\/wp-content\/uploads\/2024\/12\/photo_2023-09-04_23-02-18-2-1024x1024.jpg\" alt=\"\" class=\"wp-image-1190\" srcset=\"https:\/\/www.tienda.ro\/blog\/wp-content\/uploads\/2024\/12\/photo_2023-09-04_23-02-18-2-1024x1024.jpg 1024w, https:\/\/www.tienda.ro\/blog\/wp-content\/uploads\/2024\/12\/photo_2023-09-04_23-02-18-2-300x300.jpg 300w, https:\/\/www.tienda.ro\/blog\/wp-content\/uploads\/2024\/12\/photo_2023-09-04_23-02-18-2-150x150.jpg 150w, https:\/\/www.tienda.ro\/blog\/wp-content\/uploads\/2024\/12\/photo_2023-09-04_23-02-18-2-768x768.jpg 768w, https:\/\/www.tienda.ro\/blog\/wp-content\/uploads\/2024\/12\/photo_2023-09-04_23-02-18-2.jpg 1280w\" sizes=\"(max-width: 1024px) 100vw, 1024px\" \/><\/figure>\n\n\n\n<figure class=\"wp-block-image size-large is-style-rounded\"><img loading=\"lazy\" decoding=\"async\" width=\"792\" height=\"792\" data-id=\"1022\" src=\"https:\/\/www.tienda.ro\/blog\/wp-content\/uploads\/2024\/11\/photo_2024-08-19_19-57-11.jpg\" alt=\"\" class=\"wp-image-1022\" srcset=\"https:\/\/www.tienda.ro\/blog\/wp-content\/uploads\/2024\/11\/photo_2024-08-19_19-57-11.jpg 792w, https:\/\/www.tienda.ro\/blog\/wp-content\/uploads\/2024\/11\/photo_2024-08-19_19-57-11-300x300.jpg 300w, https:\/\/www.tienda.ro\/blog\/wp-content\/uploads\/2024\/11\/photo_2024-08-19_19-57-11-150x150.jpg 150w, https:\/\/www.tienda.ro\/blog\/wp-content\/uploads\/2024\/11\/photo_2024-08-19_19-57-11-768x768.jpg 768w\" sizes=\"(max-width: 792px) 100vw, 792px\" \/><\/figure>\n<\/figure>\n\n\n\n<div style=\"height:20px\" aria-hidden=\"true\" class=\"wp-block-spacer\"><\/div>\n\n\n\n<p>Frenchul poate fi reinterpretat pentru sezonul cald, tot cu nuan\u021be vibrante \u0219i modele juc\u0103u\u0219e. De la v\u00e2rfuri colorate p\u00e2n\u0103 la french inversat \u0219i modele geometrice.<\/p>\n\n\n\n<p>\u0218i modelele florale sunt potrivite pentru unghii de var\u0103 french! Sunt u\u0219or de realizat \u0219i de asortat cu \u021binutele preferate din dulap. \u00cen orice caz, frenchul nu se va demoda niciodat\u0103, iar noile reinterpret\u0103ri ne ofer\u0103 posibilitatea de a ob\u021bine o manichiur\u0103 total diferit\u0103 de la o lun\u0103 la alta.<\/p>\n\n\n\n<p>Putem spune ca iubim reinterpret\u0103rile moderne, nu?<\/p>\n\n\n\n<div style=\"height:20px\" aria-hidden=\"true\" class=\"wp-block-spacer\"><\/div>\n\n\n\n<h2 class=\"wp-block-heading\"><strong>Modele unghii stiletto var\u0103: idei \u00eendr\u0103zne\u021be \u0219i trendy<\/strong><\/h2>\n\n\n\n<div style=\"height:20px\" aria-hidden=\"true\" class=\"wp-block-spacer\"><\/div>\n\n\n\n<figure class=\"wp-block-gallery has-nested-images columns-default is-cropped wp-block-gallery-5 is-layout-flex wp-block-gallery-is-layout-flex\">\n<figure class=\"wp-block-image size-large is-style-rounded\"><img loading=\"lazy\" decoding=\"async\" width=\"1024\" height=\"1024\" data-id=\"1380\" src=\"https:\/\/www.tienda.ro\/blog\/wp-content\/uploads\/2024\/12\/photo_2023-03-05_19-54-02-1024x1024.jpg\" alt=\"\" class=\"wp-image-1380\" srcset=\"https:\/\/www.tienda.ro\/blog\/wp-content\/uploads\/2024\/12\/photo_2023-03-05_19-54-02-1024x1024.jpg 1024w, https:\/\/www.tienda.ro\/blog\/wp-content\/uploads\/2024\/12\/photo_2023-03-05_19-54-02-300x300.jpg 300w, https:\/\/www.tienda.ro\/blog\/wp-content\/uploads\/2024\/12\/photo_2023-03-05_19-54-02-150x150.jpg 150w, https:\/\/www.tienda.ro\/blog\/wp-content\/uploads\/2024\/12\/photo_2023-03-05_19-54-02-768x768.jpg 768w, https:\/\/www.tienda.ro\/blog\/wp-content\/uploads\/2024\/12\/photo_2023-03-05_19-54-02.jpg 1279w\" sizes=\"(max-width: 1024px) 100vw, 1024px\" \/><\/figure>\n\n\n\n<figure class=\"wp-block-image size-large is-style-rounded\"><img loading=\"lazy\" decoding=\"async\" width=\"1024\" height=\"1024\" data-id=\"1048\" src=\"https:\/\/www.tienda.ro\/blog\/wp-content\/uploads\/2024\/11\/20240823_172243-1024x1024.jpg\" alt=\"\" class=\"wp-image-1048\" srcset=\"https:\/\/www.tienda.ro\/blog\/wp-content\/uploads\/2024\/11\/20240823_172243-1024x1024.jpg 1024w, https:\/\/www.tienda.ro\/blog\/wp-content\/uploads\/2024\/11\/20240823_172243-300x300.jpg 300w, https:\/\/www.tienda.ro\/blog\/wp-content\/uploads\/2024\/11\/20240823_172243-150x150.jpg 150w, https:\/\/www.tienda.ro\/blog\/wp-content\/uploads\/2024\/11\/20240823_172243-768x768.jpg 768w, https:\/\/www.tienda.ro\/blog\/wp-content\/uploads\/2024\/11\/20240823_172243-1536x1536.jpg 1536w, https:\/\/www.tienda.ro\/blog\/wp-content\/uploads\/2024\/11\/20240823_172243-2048x2048.jpg 2048w\" sizes=\"(max-width: 1024px) 100vw, 1024px\" \/><\/figure>\n<\/figure>\n\n\n\n<div style=\"height:20px\" aria-hidden=\"true\" class=\"wp-block-spacer\"><\/div>\n\n\n\n<p>Vestea \u0219i mai bun\u0103 este c\u0103 exist\u0103 numeroase modele de unghii stiletto de var\u0103. Acestea sunt apreciate pentru forma alungit\u0103 \u0219i ascu\u021bit\u0103, o form\u0103 care ofer\u0103 un aspect elegant, chiar \u0219i pe timp de var\u0103. De ce? Pentru c\u0103 \u00een sezonul cald, unghiile stiletto pot fi decorate cu modele \u00eendr\u0103zne\u021be \u0219i trendy.<\/p>\n\n\n\n<p>\u00cen sezonul cald se aplic\u0103 o singur\u0103 regul\u0103 \u2013 \u201e\u00eendr\u0103zne\u0219te s\u0103 por\u021bi ceea ce te define\u0219te!\u201d. E o regul\u0103 foarte simpl\u0103. Trebuie doar s\u0103 te ui\u021bi \u00een oglind\u0103, s\u0103 fii sincer\u0103 cu tine \u0219i s\u0103 identifici ceea ce te reprezint\u0103. Uneori s-ar putea s\u0103 ai nevoie \u0219i de o mic\u0103 doz\u0103 de curaj, dar vara ne ajut\u0103 mult \u00een acest sens!<\/p>\n\n\n\n<div style=\"height:20px\" aria-hidden=\"true\" class=\"wp-block-spacer\"><\/div>\n\n\n\n<h2 class=\"wp-block-heading\"><strong>Modele unghii var\u0103 mare: teme nautice, culori marine \u0219i accesorii<\/strong><\/h2>\n\n\n\n<div style=\"height:20px\" aria-hidden=\"true\" class=\"wp-block-spacer\"><\/div>\n\n\n\n<figure class=\"wp-block-gallery has-nested-images columns-default is-cropped wp-block-gallery-6 is-layout-flex wp-block-gallery-is-layout-flex\">\n<figure class=\"wp-block-image size-large is-style-rounded\"><img loading=\"lazy\" decoding=\"async\" width=\"812\" height=\"811\" data-id=\"1386\" src=\"https:\/\/www.tienda.ro\/blog\/wp-content\/uploads\/2024\/12\/photo_2024-03-17_21-17-08.jpg\" alt=\"\" class=\"wp-image-1386\" srcset=\"https:\/\/www.tienda.ro\/blog\/wp-content\/uploads\/2024\/12\/photo_2024-03-17_21-17-08.jpg 812w, https:\/\/www.tienda.ro\/blog\/wp-content\/uploads\/2024\/12\/photo_2024-03-17_21-17-08-300x300.jpg 300w, https:\/\/www.tienda.ro\/blog\/wp-content\/uploads\/2024\/12\/photo_2024-03-17_21-17-08-150x150.jpg 150w, https:\/\/www.tienda.ro\/blog\/wp-content\/uploads\/2024\/12\/photo_2024-03-17_21-17-08-768x767.jpg 768w\" sizes=\"(max-width: 812px) 100vw, 812px\" \/><\/figure>\n\n\n\n<figure class=\"wp-block-image size-large is-style-rounded\"><img loading=\"lazy\" decoding=\"async\" width=\"896\" height=\"896\" data-id=\"1381\" src=\"https:\/\/www.tienda.ro\/blog\/wp-content\/uploads\/2024\/12\/photo_2023-06-27_22-29-33.jpg\" alt=\"\" class=\"wp-image-1381\" srcset=\"https:\/\/www.tienda.ro\/blog\/wp-content\/uploads\/2024\/12\/photo_2023-06-27_22-29-33.jpg 896w, https:\/\/www.tienda.ro\/blog\/wp-content\/uploads\/2024\/12\/photo_2023-06-27_22-29-33-300x300.jpg 300w, https:\/\/www.tienda.ro\/blog\/wp-content\/uploads\/2024\/12\/photo_2023-06-27_22-29-33-150x150.jpg 150w, https:\/\/www.tienda.ro\/blog\/wp-content\/uploads\/2024\/12\/photo_2023-06-27_22-29-33-768x768.jpg 768w\" sizes=\"(max-width: 896px) 100vw, 896px\" \/><\/figure>\n\n\n\n<figure class=\"wp-block-image size-large is-style-rounded\"><img loading=\"lazy\" decoding=\"async\" width=\"806\" height=\"805\" data-id=\"1382\" src=\"https:\/\/www.tienda.ro\/blog\/wp-content\/uploads\/2024\/12\/photo_2022-11-09_11-26-31.jpg\" alt=\"\" class=\"wp-image-1382\" srcset=\"https:\/\/www.tienda.ro\/blog\/wp-content\/uploads\/2024\/12\/photo_2022-11-09_11-26-31.jpg 806w, https:\/\/www.tienda.ro\/blog\/wp-content\/uploads\/2024\/12\/photo_2022-11-09_11-26-31-300x300.jpg 300w, https:\/\/www.tienda.ro\/blog\/wp-content\/uploads\/2024\/12\/photo_2022-11-09_11-26-31-150x150.jpg 150w, https:\/\/www.tienda.ro\/blog\/wp-content\/uploads\/2024\/12\/photo_2022-11-09_11-26-31-768x767.jpg 768w\" sizes=\"(max-width: 806px) 100vw, 806px\" \/><\/figure>\n<\/figure>\n\n\n\n<div style=\"height:20px\" aria-hidden=\"true\" class=\"wp-block-spacer\"><\/div>\n\n\n\n<p>Alte modele de unghii cu gel de var\u0103 foarte apreciate de doamnele \u0219i domni\u0219oarele de toate v\u00e2rstele sunt cele care te trimit cu g\u00e2ndul la mare, la cea mai frumoas\u0103 vacan\u021b\u0103 de pe litoral. Iat\u0103 c\u00e2teva idei potrivite pentru o vacan\u021b\u0103 de vis:<\/p>\n\n\n\n<ul class=\"wp-block-list\">\n<li>Culori marine: albastru, turcoaz, aqua, alb \u0219i ro\u0219u, nuan\u021be nisipii;<\/li>\n\n\n\n<li>Teme nautice: ancore, fr\u00e2nghii, dungi marin\u0103re\u0219ti, scoici \u0219i stelu\u021be de mare, pe\u0219ti\u0219ori, corali, sirene etc;<\/li>\n\n\n\n<li>Accente \u0219i accesorii: \u0219trasuri, perle, benzi argintii, sclipici, pietricele etc.<\/li>\n<\/ul>\n\n\n\n<div style=\"height:20px\" aria-hidden=\"true\" class=\"wp-block-spacer\"><\/div>\n\n\n\n<h2 class=\"wp-block-heading\"><strong>Modele de unghii pentru ocazii speciale de var\u0103<\/strong><\/h2>\n\n\n\n<div style=\"height:20px\" aria-hidden=\"true\" class=\"wp-block-spacer\"><\/div>\n\n\n\n<figure class=\"wp-block-gallery has-nested-images columns-default is-cropped wp-block-gallery-7 is-layout-flex wp-block-gallery-is-layout-flex\">\n<figure class=\"wp-block-image size-large is-style-rounded\"><img loading=\"lazy\" decoding=\"async\" width=\"1024\" height=\"1024\" data-id=\"856\" src=\"https:\/\/www.tienda.ro\/blog\/wp-content\/uploads\/2024\/10\/WhatsApp-Image-2024-05-14-at-12.35.29-PM-3-1024x1024.jpeg\" alt=\"\" class=\"wp-image-856\" srcset=\"https:\/\/www.tienda.ro\/blog\/wp-content\/uploads\/2024\/10\/WhatsApp-Image-2024-05-14-at-12.35.29-PM-3-1024x1024.jpeg 1024w, https:\/\/www.tienda.ro\/blog\/wp-content\/uploads\/2024\/10\/WhatsApp-Image-2024-05-14-at-12.35.29-PM-3-300x300.jpeg 300w, https:\/\/www.tienda.ro\/blog\/wp-content\/uploads\/2024\/10\/WhatsApp-Image-2024-05-14-at-12.35.29-PM-3-150x150.jpeg 150w, https:\/\/www.tienda.ro\/blog\/wp-content\/uploads\/2024\/10\/WhatsApp-Image-2024-05-14-at-12.35.29-PM-3-768x768.jpeg 768w, https:\/\/www.tienda.ro\/blog\/wp-content\/uploads\/2024\/10\/WhatsApp-Image-2024-05-14-at-12.35.29-PM-3.jpeg 1440w\" sizes=\"(max-width: 1024px) 100vw, 1024px\" \/><\/figure>\n\n\n\n<figure class=\"wp-block-image size-large is-style-rounded\"><img loading=\"lazy\" decoding=\"async\" width=\"794\" height=\"794\" data-id=\"1005\" src=\"https:\/\/www.tienda.ro\/blog\/wp-content\/uploads\/2024\/11\/photo_2024-08-08_12-32-56-3.jpg\" alt=\"\" class=\"wp-image-1005\" srcset=\"https:\/\/www.tienda.ro\/blog\/wp-content\/uploads\/2024\/11\/photo_2024-08-08_12-32-56-3.jpg 794w, https:\/\/www.tienda.ro\/blog\/wp-content\/uploads\/2024\/11\/photo_2024-08-08_12-32-56-3-300x300.jpg 300w, https:\/\/www.tienda.ro\/blog\/wp-content\/uploads\/2024\/11\/photo_2024-08-08_12-32-56-3-150x150.jpg 150w, https:\/\/www.tienda.ro\/blog\/wp-content\/uploads\/2024\/11\/photo_2024-08-08_12-32-56-3-768x768.jpg 768w\" sizes=\"(max-width: 794px) 100vw, 794px\" \/><\/figure>\n\n\n\n<figure class=\"wp-block-image size-large is-style-rounded\"><img loading=\"lazy\" decoding=\"async\" width=\"960\" height=\"960\" data-id=\"1208\" src=\"https:\/\/www.tienda.ro\/blog\/wp-content\/uploads\/2024\/12\/photo_2024-02-20_15-03-45.jpg\" alt=\"\" class=\"wp-image-1208\" srcset=\"https:\/\/www.tienda.ro\/blog\/wp-content\/uploads\/2024\/12\/photo_2024-02-20_15-03-45.jpg 960w, https:\/\/www.tienda.ro\/blog\/wp-content\/uploads\/2024\/12\/photo_2024-02-20_15-03-45-300x300.jpg 300w, https:\/\/www.tienda.ro\/blog\/wp-content\/uploads\/2024\/12\/photo_2024-02-20_15-03-45-150x150.jpg 150w, https:\/\/www.tienda.ro\/blog\/wp-content\/uploads\/2024\/12\/photo_2024-02-20_15-03-45-768x768.jpg 768w\" sizes=\"(max-width: 960px) 100vw, 960px\" \/><\/figure>\n<\/figure>\n\n\n\n<div style=\"height:20px\" aria-hidden=\"true\" class=\"wp-block-spacer\"><\/div>\n\n\n\n<p>Vara se d\u0103 liber la petreceri \u0219i evenimente festive, iar doamnele \u0219i domni\u0219oarele \u0219tiu c\u00e2t de mult conteaz\u0103 manichiura \u00een astfel de contexte. \u00cen general, la ocazii speciale ne concentr\u0103m asupra variantelor mult mai elegante \u0219i str\u0103lucitoare!<\/p>\n\n\n\n<p>Cele mai comune idei \u00een sezonul cald sunt: frenchul clasic, unghiile cu sclipici \u0219i accente metalice, unghii cu gel scurte de var\u0103, cu modele florale, cu designuri abstracte, ombre, gradient \u0219i designuri 3D.<\/p>\n\n\n\n<div style=\"height:20px\" aria-hidden=\"true\" class=\"wp-block-spacer\"><\/div>\n\n\n\n<h2 class=\"wp-block-heading\"><strong>Modele de unghii pentru petreceri de var\u0103 \u0219i evenimente speciale<\/strong><\/h2>\n\n\n\n<p>O pauz\u0103 de la rutin\u0103 sun\u0103 bine \u00een orice sezon, dar mai ales vara, atunci c\u00e2nd petrecerile parc\u0103 se simt diferit. De obicei, \u00een sezonul cald se organizeaz\u0103 petreceri la piscin\u0103, petreceri cu tematic\u0103, petreceri \u00een gr\u0103din\u0103, pe ponton, la marginea p\u0103durii, petreceri cu neoane \u0219i alte elemente ce te trimit cu g\u00e2ndul la atmosfera de festival.<\/p>\n\n\n\n<p>Pentru astfel de evenimente posibilit\u0103\u021bile sunt nenum\u0103rate. Trebuie s\u0103 recunoa\u0219tem c\u0103 ne este destul de greu s\u0103 decidem \u00eentre unghii cu sclipici \u00een stil glamour, art\u0103 abstract\u0103 \u0219i neon. Acesta este \u0219i motivul pentru care se recomand\u0103 c\u0103 manichiura s\u0103 fie aleas\u0103 \u00een func\u021bie de specificul evenimentului, de tematic\u0103 \u0219i alte cerin\u021be speciale.<\/p>\n\n\n\n<p>Cine nu-\u0219i dore\u0219te s\u0103 fac\u0103 o impresie bun\u0103? Noroc cu unghiu\u021bele!<\/p>\n\n\n\n<div style=\"height:20px\" aria-hidden=\"true\" class=\"wp-block-spacer\"><\/div>\n\n\n\n<h2 class=\"wp-block-heading\"><strong>Modele de unghii de var\u0103 pentru nun\u021bi \u0219i alte ocazii formale<\/strong><\/h2>\n\n\n\n<p>\u00cen privin\u021ba ocaziilor formale, se recomand\u0103 modelele mai cumin\u021bi, da asta nu \u00eenseamn\u0103 c\u0103 doamnele \u0219i domni\u0219oarele nu pot opta pentru o form\u0103 special\u0103, precum stiletto sau balerin\u0103.<\/p>\n\n\n\n<p>Cu toate acestea, \u00een momentul de fa\u021b\u0103 nun\u021bile, dar \u0219i evenimentele formale se realizeaz\u0103 \u00een func\u021bie de o anumit\u0103 tematic\u0103, deci nu excludem modele deosebite. <\/p>\n\n\n\n<p>Exist\u0103 multe posibilit\u0103\u021bi, multe modele de unghii de var\u0103 potrivite pentru diverse contexte, inclusiv pentru cele elegante!<\/p>\n\n\n\n<div style=\"height:20px\" aria-hidden=\"true\" class=\"wp-block-spacer\"><\/div>\n\n\n\n<h2 class=\"wp-block-heading\"><strong>\u00centre\u021binerea \u0219i \u00eengrijirea unghiilor pe timpul Verii<\/strong><\/h2>\n\n\n\n<div style=\"height:20px\" aria-hidden=\"true\" class=\"wp-block-spacer\"><\/div>\n\n\n\n<figure class=\"wp-block-gallery has-nested-images columns-default is-cropped wp-block-gallery-8 is-layout-flex wp-block-gallery-is-layout-flex\">\n<figure class=\"wp-block-image size-large is-style-rounded\"><img loading=\"lazy\" decoding=\"async\" width=\"768\" height=\"1024\" data-id=\"1388\" src=\"https:\/\/www.tienda.ro\/blog\/wp-content\/uploads\/2024\/12\/WhatsApp-Image-2024-09-23-at-22.31.51-1-768x1024.jpeg\" alt=\"\" class=\"wp-image-1388\" srcset=\"https:\/\/www.tienda.ro\/blog\/wp-content\/uploads\/2024\/12\/WhatsApp-Image-2024-09-23-at-22.31.51-1-768x1024.jpeg 768w, https:\/\/www.tienda.ro\/blog\/wp-content\/uploads\/2024\/12\/WhatsApp-Image-2024-09-23-at-22.31.51-1-225x300.jpeg 225w, https:\/\/www.tienda.ro\/blog\/wp-content\/uploads\/2024\/12\/WhatsApp-Image-2024-09-23-at-22.31.51-1-1152x1536.jpeg 1152w, https:\/\/www.tienda.ro\/blog\/wp-content\/uploads\/2024\/12\/WhatsApp-Image-2024-09-23-at-22.31.51-1.jpeg 1500w\" sizes=\"(max-width: 768px) 100vw, 768px\" \/><\/figure>\n\n\n\n<figure class=\"wp-block-image size-large is-style-rounded\"><img loading=\"lazy\" decoding=\"async\" width=\"768\" height=\"1024\" data-id=\"1389\" src=\"https:\/\/www.tienda.ro\/blog\/wp-content\/uploads\/2024\/12\/WhatsApp-Image-2024-09-23-at-22.31.50-1-768x1024.jpeg\" alt=\"\" class=\"wp-image-1389\" srcset=\"https:\/\/www.tienda.ro\/blog\/wp-content\/uploads\/2024\/12\/WhatsApp-Image-2024-09-23-at-22.31.50-1-768x1024.jpeg 768w, https:\/\/www.tienda.ro\/blog\/wp-content\/uploads\/2024\/12\/WhatsApp-Image-2024-09-23-at-22.31.50-1-225x300.jpeg 225w, https:\/\/www.tienda.ro\/blog\/wp-content\/uploads\/2024\/12\/WhatsApp-Image-2024-09-23-at-22.31.50-1-1152x1536.jpeg 1152w, https:\/\/www.tienda.ro\/blog\/wp-content\/uploads\/2024\/12\/WhatsApp-Image-2024-09-23-at-22.31.50-1.jpeg 1500w\" sizes=\"(max-width: 768px) 100vw, 768px\" \/><\/figure>\n\n\n\n<figure class=\"wp-block-image size-large is-style-rounded\"><img loading=\"lazy\" decoding=\"async\" width=\"768\" height=\"1024\" data-id=\"1390\" src=\"https:\/\/www.tienda.ro\/blog\/wp-content\/uploads\/2024\/12\/WhatsApp-Image-2024-09-23-at-22.31.50-3-768x1024.jpeg\" alt=\"\" class=\"wp-image-1390\" srcset=\"https:\/\/www.tienda.ro\/blog\/wp-content\/uploads\/2024\/12\/WhatsApp-Image-2024-09-23-at-22.31.50-3-768x1024.jpeg 768w, https:\/\/www.tienda.ro\/blog\/wp-content\/uploads\/2024\/12\/WhatsApp-Image-2024-09-23-at-22.31.50-3-225x300.jpeg 225w, https:\/\/www.tienda.ro\/blog\/wp-content\/uploads\/2024\/12\/WhatsApp-Image-2024-09-23-at-22.31.50-3-1152x1536.jpeg 1152w, https:\/\/www.tienda.ro\/blog\/wp-content\/uploads\/2024\/12\/WhatsApp-Image-2024-09-23-at-22.31.50-3.jpeg 1500w\" sizes=\"(max-width: 768px) 100vw, 768px\" \/><\/figure>\n<\/figure>\n\n\n\n<div style=\"height:20px\" aria-hidden=\"true\" class=\"wp-block-spacer\"><\/div>\n\n\n\n<p>Orice femeie trebuie s\u0103 fie con\u0219tient\u0103 de faptul c\u0103, pe timpul verii, unghiile sunt expuse la o serie de factori de mediu ce pot afecta puternic aspectul acestora, dar \u0219i starea de s\u0103n\u0103tate. Ne referim aici la soare, la apa s\u0103rat\u0103 din mare, la clorul din piscin\u0103 \u0219i, \u00een mod evident, la temperaturile ridicate \u0219i zilele \u00een care nu ne hidrat\u0103m corespunz\u0103tor.<\/p>\n\n\n\n<p>Pentru o \u00eengrijire adecvat\u0103, \u00een sezonul cald se recomand\u0103 uleiul pentru cuticule \u0219i cremele hidratante, inclusiv cele cu factor SPF ridicat. Hidratarea este, de asemenea important\u0103. \u00cen plus, pentru doamnele \u0219i domni\u0219oarele care \u0219tiu c\u0103 sunt sensibile \u00een sezonul cald, exist\u0103 \u0219i alte recomand\u0103ri:<\/p>\n\n\n\n<ul class=\"wp-block-list\">\n<li>Evitarea obiceiului de a roade unghii;<\/li>\n\n\n\n<li>Evitarea \u00eengrijirii manichiurii acas\u0103;&nbsp;<\/li>\n\n\n\n<li>Utilizarea corect\u0103 a produselor pentru unghii;<\/li>\n\n\n\n<li>Utilizarea produselor de unghii de calitate superioar\u0103.<\/li>\n<\/ul>\n\n\n\n<p>De\u0219i poate p\u0103rea un subiect banal, s\u0103n\u0103tatea unghiilor poate fi puternic afectat\u0103 atunci c\u00e2nd nu le oferim o aten\u021bie deosebit\u0103. Degeaba alegem un model frumos, unul care se afl\u0103 \u00een tendin\u021be, dac\u0103 nu ne \u00eengrijim de s\u0103n\u0103tatea cuticulelor \u0219i de starea unghiilor \u00een general!<\/p>\n\n\n\n<div style=\"height:20px\" aria-hidden=\"true\" class=\"wp-block-spacer\"><\/div>\n\n\n\n<h2 class=\"wp-block-heading\"><strong>Produse esen\u021biale pentru \u00eengrijirea unghiilor de var\u0103<\/strong><\/h2>\n\n\n\n<p>Regula general\u0103 este s\u0103 alegem doar produse hipoalergenice, prietenoase cu organismul uman. Din acest motiv, putem spune c\u0103 lista de cump\u0103r\u0103turi din sezonul cald nu este cu mult diferit\u0103 de sezonul rece. Insist\u0103m cu uleiul de cuticule, cu crema hidratant\u0103, gelurile cu protec\u021bie UV \u0219i, \u00een general, finishuri calitative.&nbsp;<\/p>\n\n\n\n<div style=\"height:20px\" aria-hidden=\"true\" class=\"wp-block-spacer\"><\/div>\n\n\n\n<h2 class=\"wp-block-heading\"><strong>&nbsp;Sfaturi pentru prelungirea duratei manichiurii de var\u0103<\/strong><\/h2>\n\n\n\n<p>Se vede cu ochiul liber. Exist\u0103 o varietate de modele de unghii de var\u0103 scurte sau lungi, \u00eenc\u00e2t e imposibil s\u0103 nu g\u0103se\u0219ti ceva care s\u0103 te reprezinte sau care s\u0103 se potriveasc\u0103 cu un context specific. Provocarea apare atunci c\u00e2nd vine vorba de durata de via\u021b\u0103 a manichiurii pe timpul verii. Cum facem s\u0103 ne bucur\u0103m mai mult timp de unghiu\u021be?<\/p>\n\n\n\n<p>Iat\u0103 c\u00e2teva sfaturi utile:&nbsp;<\/p>\n\n\n\n<ul class=\"wp-block-list\">\n<li>Preg\u0103tirea corect\u0103 a unghiilor;<\/li>\n\n\n\n<li>Aplicarea corect\u0103 a unghiilor;&nbsp;<\/li>\n\n\n\n<li>Evitarea expunerii la soare pe termen lung;&nbsp;<\/li>\n\n\n\n<li>Hidratarea cuticulelor \u00een mod corespunz\u0103tor;&nbsp;<\/li>\n\n\n\n<li>\u00centre\u021binere regulat\u0103.<\/li>\n<\/ul>\n\n\n\n<p>\u00cen cele din urm\u0103, ne r\u0103m\u00e2ne doar s\u0103 ne bucur\u0103m de var\u0103 \u0219i de posibilit\u0103\u021bile nelimitate pe care le avem la dispozi\u021bie atunci c\u00e2nd soarele e sus pe cer. Ce \u00eenseamn\u0103 mai exact manichiura de var\u0103? Culori vibrante, idei \u00eendr\u0103zne\u021be, pasteluri \u0219i forme juc\u0103u\u0219e.<\/p>\n\n\n\n<p> Vara se d\u0103 liber la creativitate!<\/p>\n","protected":false},"excerpt":{"rendered":"<p>Vara este anotimpul care ne inspir\u0103 cel mai mult! Acum e momentul s\u0103 d\u0103m fr\u00e2u liber imagina\u021biei, s\u0103 purt\u0103m ceea ce ne define\u0219te \u0219i s\u0103 ne sim\u021bim cu adev\u0103rat frumoase. Aceea\u0219i regul\u0103 se aplic\u0103 \u0219i \u00een cazul manichiurii! Doamnele \u0219i domni\u0219oarele \u0219tiu c\u00e2t de important este s\u0103 arate \u0219i s\u0103 se simt\u0103 bine, iar cele [&hellip;]<\/p>\n","protected":false},"author":2,"featured_media":1291,"comment_status":"open","ping_status":"open","sticky":false,"template":"","format":"standard","meta":{"footnotes":""},"categories":[10],"tags":[],"class_list":["post-1373","post","type-post","status-publish","format-standard","has-post-thumbnail","hentry","category-galerie-unghiute"],"_links":{"self":[{"href":"https:\/\/www.tienda.ro\/blog\/wp-json\/wp\/v2\/posts\/1373","targetHints":{"allow":["GET"]}}],"collection":[{"href":"https:\/\/www.tienda.ro\/blog\/wp-json\/wp\/v2\/posts"}],"about":[{"href":"https:\/\/www.tienda.ro\/blog\/wp-json\/wp\/v2\/types\/post"}],"author":[{"embeddable":true,"href":"https:\/\/www.tienda.ro\/blog\/wp-json\/wp\/v2\/users\/2"}],"replies":[{"embeddable":true,"href":"https:\/\/www.tienda.ro\/blog\/wp-json\/wp\/v2\/comments?post=1373"}],"version-history":[{"count":4,"href":"https:\/\/www.tienda.ro\/blog\/wp-json\/wp\/v2\/posts\/1373\/revisions"}],"predecessor-version":[{"id":1530,"href":"https:\/\/www.tienda.ro\/blog\/wp-json\/wp\/v2\/posts\/1373\/revisions\/1530"}],"wp:featuredmedia":[{"embeddable":true,"href":"https:\/\/www.tienda.ro\/blog\/wp-json\/wp\/v2\/media\/1291"}],"wp:attachment":[{"href":"https:\/\/www.tienda.ro\/blog\/wp-json\/wp\/v2\/media?parent=1373"}],"wp:term":[{"taxonomy":"category","embeddable":true,"href":"https:\/\/www.tienda.ro\/blog\/wp-json\/wp\/v2\/categories?post=1373"},{"taxonomy":"post_tag","embeddable":true,"href":"https:\/\/www.tienda.ro\/blog\/wp-json\/wp\/v2\/tags?post=1373"}],"curies":[{"name":"wp","href":"https:\/\/api.w.org\/{rel}","templated":true}]}}